{"id":105537,"date":"2025-09-23T09:56:27","date_gmt":"2025-09-23T07:56:27","guid":{"rendered":"https:\/\/temporada-alta.com\/noticia\/estrenamos-la-tercera-temporada-de-la-caverna-de-la-mano-e-la-fundacio-la-ciutat-invisible-i-caixaforum\/"},"modified":"2025-12-09T19:46:08","modified_gmt":"2025-12-09T18:46:08","slug":"estrenamos-la-tercera-temporada-de-la-caverna-de-la-mano-de-la-fundacio-la-ciutat-invisible-y-caixaforum","status":"publish","type":"noticia","link":"https:\/\/temporada-alta.com\/es\/noticia\/estrenamos-la-tercera-temporada-de-la-caverna-de-la-mano-de-la-fundacio-la-ciutat-invisible-y-caixaforum\/","title":{"rendered":"Estrenamos la tercera temporada de &#8216;La Caverna&#8217;, de la mano de la Fundaci\u00f3 La Ciutat Invisible y Caixaforum+"},"content":{"rendered":"<div id=\"modal-ready\">\n<p>En esta 34\u00aa edici\u00f3n de Temporada Alta consolidamos la experiencia iniciada hace dos a\u00f1os ofreciendo una tercera temporada de <strong><em data-start=\"181\" data-end=\"193\">La Caverna<\/em><\/strong>, la serie audiovisual a partir de conversaciones con grandes directores y creadores de la escena teatral. La iniciativa se puede ver gratuitamente en CaixaForum+, la plataforma de divulgaci\u00f3n de cultura y ciencia de la Fundaci\u00f3n \u201dla Caixa\u201d, adem\u00e1s de en nuestros canales digitales habituales.<\/p>\n\n<p>Con la idea de llegar a nuevos p\u00fablicos a trav\u00e9s de nuevos formatos, el proyecto volver\u00e1 a contar con grandes nombres de la escena. De esta forma, desde Temporada Alta y la Fundaci\u00f3n La Ciutat Invisible retomamos el proyecto audiovisual \u2013en colaboraci\u00f3n con CaixaForum+\u2013 emitiendo cuatro nuevos episodios en 2025 que recoger\u00e1n entrevistas con Stefan Kaegi, Sergio Blanco, Gabriel Calder\u00f3n y la Agrupaci\u00f3n Se\u00f1or Serrano.<\/p>\n\n<p>La serie, que inici\u00f3 su tercera temporada el pasado jueves 18 de septiembre con <strong>Stefan Kaegi<\/strong>, uno de los creadores esc\u00e9nicos m\u00e1s influyentes del teatro contempor\u00e1neo europeo, emitir\u00e1 los cuatro episodios a lo largo de todo el oto\u00f1o, coincidiendo con el tercer jueves de cada mes. Los siguientes cap\u00edtulos corresponden, respectivamente, al dramaturgo y director uruguayo Sergio Blanco, al colectivo catal\u00e1n Agrupaci\u00f3n Se\u00f1or Serrano y a Gabriel Calder\u00f3n, autor y director de <em>Hist\u00f2ria d\u2019un senglar (o alguna cosa de Ricard)<\/em>, coincidiendo con el estreno de <em>Ai! La mis\u00e8ria ens far\u00e0 feli\u00e7os.<\/em><\/p>\n<\/div>","protected":false},"excerpt":{"rendered":"<p>En esta 34\u00aa edici\u00f3n de Temporada Alta consolidamos la experiencia iniciada hace dos a\u00f1os ofreciendo una tercera temporada&#8230;<\/p>\n","protected":false},"featured_media":105536,"template":"","class_list":["post-105537","noticia","type-noticia","status-publish","has-post-thumbnail","hentry"],"acf":[],"yoast_head":"<!-- This site is optimized with the Yoast SEO plugin v27.0 - https:\/\/yoast.com\/product\/yoast-seo-wordpress\/ -->\n<title>Estrenamos la tercera temporada de &#039;La Caverna&#039;, de la mano de la Fundaci\u00f3 La Ciutat Invisible y Caixaforum+ - Temporada Alta<\/title>\n<meta name=\"robots\" content=\"index, follow, max-snippet:-1, max-image-preview:large, max-video-preview:-1\" \/>\n<link rel=\"canonical\" href=\"https:\/\/temporada-alta.com\/es\/noticia\/estrenamos-la-tercera-temporada-de-la-caverna-de-la-mano-de-la-fundacio-la-ciutat-invisible-y-caixaforum\/\" \/>\n<meta property=\"og:locale\" content=\"es_ES\" \/>\n<meta property=\"og:type\" content=\"article\" \/>\n<meta property=\"og:title\" content=\"Estrenamos la tercera temporada de &#039;La Caverna&#039;, de la mano de la Fundaci\u00f3 La Ciutat Invisible y Caixaforum+ - Temporada Alta\" \/>\n<meta property=\"og:description\" content=\"En esta 34\u00aa edici\u00f3n de Temporada Alta consolidamos la experiencia iniciada hace dos a\u00f1os ofreciendo una tercera temporada...\" \/>\n<meta property=\"og:url\" content=\"https:\/\/temporada-alta.com\/es\/noticia\/estrenamos-la-tercera-temporada-de-la-caverna-de-la-mano-de-la-fundacio-la-ciutat-invisible-y-caixaforum\/\" \/>\n<meta property=\"og:site_name\" content=\"Temporada Alta\" \/>\n<meta property=\"article:modified_time\" content=\"2025-12-09T18:46:08+00:00\" \/>\n<meta property=\"og:image\" content=\"https:\/\/temporada-alta.com\/wp-content\/uploads\/la-caverna.png\" \/>\n\t<meta property=\"og:image:width\" content=\"1000\" \/>\n\t<meta property=\"og:image:height\" content=\"500\" \/>\n\t<meta property=\"og:image:type\" content=\"image\/png\" \/>\n<meta name=\"twitter:card\" content=\"summary_large_image\" \/>\n<script type=\"application\/ld+json\" class=\"yoast-schema-graph\">{\"@context\":\"https:\/\/schema.org\",\"@graph\":[{\"@type\":\"WebPage\",\"@id\":\"https:\/\/temporada-alta.com\/es\/noticia\/estrenamos-la-tercera-temporada-de-la-caverna-de-la-mano-de-la-fundacio-la-ciutat-invisible-y-caixaforum\/\",\"url\":\"https:\/\/temporada-alta.com\/es\/noticia\/estrenamos-la-tercera-temporada-de-la-caverna-de-la-mano-de-la-fundacio-la-ciutat-invisible-y-caixaforum\/\",\"name\":\"Estrenamos la tercera temporada de 'La Caverna', de la mano de la Fundaci\u00f3 La Ciutat Invisible y Caixaforum+ - Temporada Alta\",\"isPartOf\":{\"@id\":\"https:\/\/temporada-alta.com\/es\/#website\"},\"primaryImageOfPage\":{\"@id\":\"https:\/\/temporada-alta.com\/es\/noticia\/estrenamos-la-tercera-temporada-de-la-caverna-de-la-mano-de-la-fundacio-la-ciutat-invisible-y-caixaforum\/#primaryimage\"},\"image\":{\"@id\":\"https:\/\/temporada-alta.com\/es\/noticia\/estrenamos-la-tercera-temporada-de-la-caverna-de-la-mano-de-la-fundacio-la-ciutat-invisible-y-caixaforum\/#primaryimage\"},\"thumbnailUrl\":\"https:\/\/temporada-alta.com\/wp-content\/uploads\/la-caverna.png\",\"datePublished\":\"2025-09-23T07:56:27+00:00\",\"dateModified\":\"2025-12-09T18:46:08+00:00\",\"breadcrumb\":{\"@id\":\"https:\/\/temporada-alta.com\/es\/noticia\/estrenamos-la-tercera-temporada-de-la-caverna-de-la-mano-de-la-fundacio-la-ciutat-invisible-y-caixaforum\/#breadcrumb\"},\"inLanguage\":\"es\",\"potentialAction\":[{\"@type\":\"ReadAction\",\"target\":[\"https:\/\/temporada-alta.com\/es\/noticia\/estrenamos-la-tercera-temporada-de-la-caverna-de-la-mano-de-la-fundacio-la-ciutat-invisible-y-caixaforum\/\"]}]},{\"@type\":\"ImageObject\",\"inLanguage\":\"es\",\"@id\":\"https:\/\/temporada-alta.com\/es\/noticia\/estrenamos-la-tercera-temporada-de-la-caverna-de-la-mano-de-la-fundacio-la-ciutat-invisible-y-caixaforum\/#primaryimage\",\"url\":\"https:\/\/temporada-alta.com\/wp-content\/uploads\/la-caverna.png\",\"contentUrl\":\"https:\/\/temporada-alta.com\/wp-content\/uploads\/la-caverna.png\",\"width\":1000,\"height\":500},{\"@type\":\"BreadcrumbList\",\"@id\":\"https:\/\/temporada-alta.com\/es\/noticia\/estrenamos-la-tercera-temporada-de-la-caverna-de-la-mano-de-la-fundacio-la-ciutat-invisible-y-caixaforum\/#breadcrumb\",\"itemListElement\":[{\"@type\":\"ListItem\",\"position\":1,\"name\":\"Inici\",\"item\":\"https:\/\/temporada-alta.com\/es\/\"},{\"@type\":\"ListItem\",\"position\":2,\"name\":\"Estrenamos la tercera temporada de &#8216;La Caverna&#8217;, de la mano de la Fundaci\u00f3 La Ciutat Invisible y Caixaforum+\"}]},{\"@type\":\"WebSite\",\"@id\":\"https:\/\/temporada-alta.com\/es\/#website\",\"url\":\"https:\/\/temporada-alta.com\/es\/\",\"name\":\"Temporada Alta\",\"description\":\"Festival d&#039;Arts Esc\u00e8niques\",\"publisher\":{\"@id\":\"https:\/\/temporada-alta.com\/es\/#organization\"},\"potentialAction\":[{\"@type\":\"SearchAction\",\"target\":{\"@type\":\"EntryPoint\",\"urlTemplate\":\"https:\/\/temporada-alta.com\/es\/?s={search_term_string}\"},\"query-input\":{\"@type\":\"PropertyValueSpecification\",\"valueRequired\":true,\"valueName\":\"search_term_string\"}}],\"inLanguage\":\"es\"},{\"@type\":\"Organization\",\"@id\":\"https:\/\/temporada-alta.com\/es\/#organization\",\"name\":\"Temporada Alta\",\"url\":\"https:\/\/temporada-alta.com\/es\/\",\"logo\":{\"@type\":\"ImageObject\",\"inLanguage\":\"es\",\"@id\":\"https:\/\/temporada-alta.com\/es\/#\/schema\/logo\/image\/\",\"url\":\"https:\/\/temporada-alta.com\/wp-content\/uploads\/TA21-Logotip-pos.png\",\"contentUrl\":\"https:\/\/temporada-alta.com\/wp-content\/uploads\/TA21-Logotip-pos.png\",\"width\":800,\"height\":267,\"caption\":\"Temporada Alta\"},\"image\":{\"@id\":\"https:\/\/temporada-alta.com\/es\/#\/schema\/logo\/image\/\"}}]}<\/script>\n<!-- \/ Yoast SEO plugin. -->","yoast_head_json":{"title":"Estrenamos la tercera temporada de 'La Caverna', de la mano de la Fundaci\u00f3 La Ciutat Invisible y Caixaforum+ - Temporada Alta","robots":{"index":"index","follow":"follow","max-snippet":"max-snippet:-1","max-image-preview":"max-image-preview:large","max-video-preview":"max-video-preview:-1"},"canonical":"https:\/\/temporada-alta.com\/es\/noticia\/estrenamos-la-tercera-temporada-de-la-caverna-de-la-mano-de-la-fundacio-la-ciutat-invisible-y-caixaforum\/","og_locale":"es_ES","og_type":"article","og_title":"Estrenamos la tercera temporada de 'La Caverna', de la mano de la Fundaci\u00f3 La Ciutat Invisible y Caixaforum+ - Temporada Alta","og_description":"En esta 34\u00aa edici\u00f3n de Temporada Alta consolidamos la experiencia iniciada hace dos a\u00f1os ofreciendo una tercera temporada...","og_url":"https:\/\/temporada-alta.com\/es\/noticia\/estrenamos-la-tercera-temporada-de-la-caverna-de-la-mano-de-la-fundacio-la-ciutat-invisible-y-caixaforum\/","og_site_name":"Temporada Alta","article_modified_time":"2025-12-09T18:46:08+00:00","og_image":[{"width":1000,"height":500,"url":"https:\/\/temporada-alta.com\/wp-content\/uploads\/la-caverna.png","type":"image\/png"}],"twitter_card":"summary_large_image","schema":{"@context":"https:\/\/schema.org","@graph":[{"@type":"WebPage","@id":"https:\/\/temporada-alta.com\/es\/noticia\/estrenamos-la-tercera-temporada-de-la-caverna-de-la-mano-de-la-fundacio-la-ciutat-invisible-y-caixaforum\/","url":"https:\/\/temporada-alta.com\/es\/noticia\/estrenamos-la-tercera-temporada-de-la-caverna-de-la-mano-de-la-fundacio-la-ciutat-invisible-y-caixaforum\/","name":"Estrenamos la tercera temporada de 'La Caverna', de la mano de la Fundaci\u00f3 La Ciutat Invisible y Caixaforum+ - Temporada Alta","isPartOf":{"@id":"https:\/\/temporada-alta.com\/es\/#website"},"primaryImageOfPage":{"@id":"https:\/\/temporada-alta.com\/es\/noticia\/estrenamos-la-tercera-temporada-de-la-caverna-de-la-mano-de-la-fundacio-la-ciutat-invisible-y-caixaforum\/#primaryimage"},"image":{"@id":"https:\/\/temporada-alta.com\/es\/noticia\/estrenamos-la-tercera-temporada-de-la-caverna-de-la-mano-de-la-fundacio-la-ciutat-invisible-y-caixaforum\/#primaryimage"},"thumbnailUrl":"https:\/\/temporada-alta.com\/wp-content\/uploads\/la-caverna.png","datePublished":"2025-09-23T07:56:27+00:00","dateModified":"2025-12-09T18:46:08+00:00","breadcrumb":{"@id":"https:\/\/temporada-alta.com\/es\/noticia\/estrenamos-la-tercera-temporada-de-la-caverna-de-la-mano-de-la-fundacio-la-ciutat-invisible-y-caixaforum\/#breadcrumb"},"inLanguage":"es","potentialAction":[{"@type":"ReadAction","target":["https:\/\/temporada-alta.com\/es\/noticia\/estrenamos-la-tercera-temporada-de-la-caverna-de-la-mano-de-la-fundacio-la-ciutat-invisible-y-caixaforum\/"]}]},{"@type":"ImageObject","inLanguage":"es","@id":"https:\/\/temporada-alta.com\/es\/noticia\/estrenamos-la-tercera-temporada-de-la-caverna-de-la-mano-de-la-fundacio-la-ciutat-invisible-y-caixaforum\/#primaryimage","url":"https:\/\/temporada-alta.com\/wp-content\/uploads\/la-caverna.png","contentUrl":"https:\/\/temporada-alta.com\/wp-content\/uploads\/la-caverna.png","width":1000,"height":500},{"@type":"BreadcrumbList","@id":"https:\/\/temporada-alta.com\/es\/noticia\/estrenamos-la-tercera-temporada-de-la-caverna-de-la-mano-de-la-fundacio-la-ciutat-invisible-y-caixaforum\/#breadcrumb","itemListElement":[{"@type":"ListItem","position":1,"name":"Inici","item":"https:\/\/temporada-alta.com\/es\/"},{"@type":"ListItem","position":2,"name":"Estrenamos la tercera temporada de &#8216;La Caverna&#8217;, de la mano de la Fundaci\u00f3 La Ciutat Invisible y Caixaforum+"}]},{"@type":"WebSite","@id":"https:\/\/temporada-alta.com\/es\/#website","url":"https:\/\/temporada-alta.com\/es\/","name":"Temporada Alta","description":"Festival d&#039;Arts Esc\u00e8niques","publisher":{"@id":"https:\/\/temporada-alta.com\/es\/#organization"},"potentialAction":[{"@type":"SearchAction","target":{"@type":"EntryPoint","urlTemplate":"https:\/\/temporada-alta.com\/es\/?s={search_term_string}"},"query-input":{"@type":"PropertyValueSpecification","valueRequired":true,"valueName":"search_term_string"}}],"inLanguage":"es"},{"@type":"Organization","@id":"https:\/\/temporada-alta.com\/es\/#organization","name":"Temporada Alta","url":"https:\/\/temporada-alta.com\/es\/","logo":{"@type":"ImageObject","inLanguage":"es","@id":"https:\/\/temporada-alta.com\/es\/#\/schema\/logo\/image\/","url":"https:\/\/temporada-alta.com\/wp-content\/uploads\/TA21-Logotip-pos.png","contentUrl":"https:\/\/temporada-alta.com\/wp-content\/uploads\/TA21-Logotip-pos.png","width":800,"height":267,"caption":"Temporada Alta"},"image":{"@id":"https:\/\/temporada-alta.com\/es\/#\/schema\/logo\/image\/"}}]}},"_links":{"self":[{"href":"https:\/\/temporada-alta.com\/es\/wp-json\/wp\/v2\/noticia\/105537","targetHints":{"allow":["GET"]}}],"collection":[{"href":"https:\/\/temporada-alta.com\/es\/wp-json\/wp\/v2\/noticia"}],"about":[{"href":"https:\/\/temporada-alta.com\/es\/wp-json\/wp\/v2\/types\/noticia"}],"wp:featuredmedia":[{"embeddable":true,"href":"https:\/\/temporada-alta.com\/es\/wp-json\/wp\/v2\/media\/105536"}],"wp:attachment":[{"href":"https:\/\/temporada-alta.com\/es\/wp-json\/wp\/v2\/media?parent=105537"}],"curies":[{"name":"wp","href":"https:\/\/api.w.org\/{rel}","templated":true}]}}