{"id":100396,"date":"2025-04-30T18:30:00","date_gmt":"2025-04-30T16:30:00","guid":{"rendered":"https:\/\/temporada-alta.com\/?post_type=noticia&#038;p=100396"},"modified":"2025-04-30T14:00:59","modified_gmt":"2025-04-30T12:00:59","slug":"aixo-no-es-un-casting-nominado-a-los-premis-sonor-2025","status":"publish","type":"noticia","link":"https:\/\/temporada-alta.com\/es\/noticia\/aixo-no-es-un-casting-nominado-a-los-premis-sonor-2025\/","title":{"rendered":"&#8216;Aix\u00f2 no \u00e9s un c\u00e0sting&#8217;, nominado a los Premis Sonor 2025"},"content":{"rendered":"<div id=\"modal-ready\">\n<p><em data-start=\"175\" data-end=\"198\">Aix\u00f2 no \u00e9s un c\u00e0sting<\/em>, el p\u00f3dcast de artes esc\u00e9nicas de Temporada Alta y Radio Primavera Sound, ha sido nominado a los Premios Sonor 2025, uno de los galardones m\u00e1s prestigiosos del panorama del p\u00f3dcast en catal\u00e1n. La candidatura se ha anunciado hoy, y los ganadores se dar\u00e1n a conocer en una gala que tendr\u00e1 lugar el pr\u00f3ximo 26 de mayo en el Auditorio 1899 del F\u00fatbol Club Barcelona.<\/p>\n\n<p>Presentado por la periodista Paula Carreras y el actor y comunicador Marc Tarrida Aribau, <em data-start=\"653\" data-end=\"676\">Aix\u00f2 no \u00e9s un c\u00e0sting<\/em> ofrece una mirada fresca y singular sobre las artes esc\u00e9nicas contempor\u00e1neas, combinando entrevistas con creadores y creadoras, reflexiones sobre el panorama teatral actual y an\u00e1lisis con profesionales del sector de todos los \u00e1mbitos. Con un tono directo y desenfadado, pero con una mirada rigurosa, el p\u00f3dcast busca acercar al p\u00fablico a las m\u00faltiples capas del hecho esc\u00e9nico.<\/p>\n\n<p>Por su parte, los Premios Sonor son un certamen organizado por <em data-start=\"1119\" data-end=\"1128\">LA MIRA<\/em>, con la colaboraci\u00f3n de Catalunya R\u00e0dio y La Xarxa, para reconocer los mejores p\u00f3dcasts en catal\u00e1n en diversas categor\u00edas. Adem\u00e1s de visibilizar el talento local, estos premios son una plataforma para impulsar nuevas voces y formatos en el \u00e1mbito del p\u00f3dcasting.<\/p>\n<\/div>","protected":false},"excerpt":{"rendered":"<p>Aix\u00f2 no \u00e9s un c\u00e0sting, el p\u00f3dcast de artes esc\u00e9nicas de Temporada Alta y Radio Primavera Sound, ha&#8230;<\/p>\n","protected":false},"featured_media":96894,"template":"","class_list":["post-100396","noticia","type-noticia","status-publish","has-post-thumbnail","hentry"],"acf":[],"yoast_head":"<!-- This site is optimized with the Yoast SEO plugin v27.0 - https:\/\/yoast.com\/product\/yoast-seo-wordpress\/ -->\n<title>&#039;Aix\u00f2 no \u00e9s un c\u00e0sting&#039;, nominado a los Premis Sonor 2025 - Temporada Alta<\/title>\n<meta name=\"robots\" content=\"index, follow, max-snippet:-1, max-image-preview:large, max-video-preview:-1\" \/>\n<link rel=\"canonical\" href=\"https:\/\/temporada-alta.com\/es\/noticia\/aixo-no-es-un-casting-nominado-a-los-premis-sonor-2025\/\" \/>\n<meta property=\"og:locale\" content=\"es_ES\" \/>\n<meta property=\"og:type\" content=\"article\" \/>\n<meta property=\"og:title\" content=\"&#039;Aix\u00f2 no \u00e9s un c\u00e0sting&#039;, nominado a los Premis Sonor 2025 - Temporada Alta\" \/>\n<meta property=\"og:description\" content=\"Aix\u00f2 no \u00e9s un c\u00e0sting, el p\u00f3dcast de artes esc\u00e9nicas de Temporada Alta y Radio Primavera Sound, ha...\" \/>\n<meta property=\"og:url\" content=\"https:\/\/temporada-alta.com\/es\/noticia\/aixo-no-es-un-casting-nominado-a-los-premis-sonor-2025\/\" \/>\n<meta property=\"og:site_name\" content=\"Temporada Alta\" \/>\n<meta property=\"og:image\" content=\"https:\/\/temporada-alta.com\/wp-content\/uploads\/aixo_no_es_un_casting-1.jpg\" \/>\n\t<meta property=\"og:image:width\" content=\"800\" \/>\n\t<meta property=\"og:image:height\" content=\"460\" \/>\n\t<meta property=\"og:image:type\" content=\"image\/jpeg\" \/>\n<meta name=\"twitter:card\" content=\"summary_large_image\" \/>\n<script type=\"application\/ld+json\" class=\"yoast-schema-graph\">{\"@context\":\"https:\/\/schema.org\",\"@graph\":[{\"@type\":\"WebPage\",\"@id\":\"https:\/\/temporada-alta.com\/es\/noticia\/aixo-no-es-un-casting-nominado-a-los-premis-sonor-2025\/\",\"url\":\"https:\/\/temporada-alta.com\/es\/noticia\/aixo-no-es-un-casting-nominado-a-los-premis-sonor-2025\/\",\"name\":\"'Aix\u00f2 no \u00e9s un c\u00e0sting', nominado a los Premis Sonor 2025 - Temporada Alta\",\"isPartOf\":{\"@id\":\"https:\/\/temporada-alta.com\/es\/#website\"},\"primaryImageOfPage\":{\"@id\":\"https:\/\/temporada-alta.com\/es\/noticia\/aixo-no-es-un-casting-nominado-a-los-premis-sonor-2025\/#primaryimage\"},\"image\":{\"@id\":\"https:\/\/temporada-alta.com\/es\/noticia\/aixo-no-es-un-casting-nominado-a-los-premis-sonor-2025\/#primaryimage\"},\"thumbnailUrl\":\"https:\/\/temporada-alta.com\/wp-content\/uploads\/aixo_no_es_un_casting-1.jpg\",\"datePublished\":\"2025-04-30T16:30:00+00:00\",\"breadcrumb\":{\"@id\":\"https:\/\/temporada-alta.com\/es\/noticia\/aixo-no-es-un-casting-nominado-a-los-premis-sonor-2025\/#breadcrumb\"},\"inLanguage\":\"es\",\"potentialAction\":[{\"@type\":\"ReadAction\",\"target\":[\"https:\/\/temporada-alta.com\/es\/noticia\/aixo-no-es-un-casting-nominado-a-los-premis-sonor-2025\/\"]}]},{\"@type\":\"ImageObject\",\"inLanguage\":\"es\",\"@id\":\"https:\/\/temporada-alta.com\/es\/noticia\/aixo-no-es-un-casting-nominado-a-los-premis-sonor-2025\/#primaryimage\",\"url\":\"https:\/\/temporada-alta.com\/wp-content\/uploads\/aixo_no_es_un_casting-1.jpg\",\"contentUrl\":\"https:\/\/temporada-alta.com\/wp-content\/uploads\/aixo_no_es_un_casting-1.jpg\",\"width\":800,\"height\":460},{\"@type\":\"BreadcrumbList\",\"@id\":\"https:\/\/temporada-alta.com\/es\/noticia\/aixo-no-es-un-casting-nominado-a-los-premis-sonor-2025\/#breadcrumb\",\"itemListElement\":[{\"@type\":\"ListItem\",\"position\":1,\"name\":\"Inici\",\"item\":\"https:\/\/temporada-alta.com\/es\/\"},{\"@type\":\"ListItem\",\"position\":2,\"name\":\"&#8216;Aix\u00f2 no \u00e9s un c\u00e0sting&#8217;, nominado a los Premis Sonor 2025\"}]},{\"@type\":\"WebSite\",\"@id\":\"https:\/\/temporada-alta.com\/es\/#website\",\"url\":\"https:\/\/temporada-alta.com\/es\/\",\"name\":\"Temporada Alta\",\"description\":\"Festival d&#039;Arts Esc\u00e8niques\",\"publisher\":{\"@id\":\"https:\/\/temporada-alta.com\/es\/#organization\"},\"potentialAction\":[{\"@type\":\"SearchAction\",\"target\":{\"@type\":\"EntryPoint\",\"urlTemplate\":\"https:\/\/temporada-alta.com\/es\/?s={search_term_string}\"},\"query-input\":{\"@type\":\"PropertyValueSpecification\",\"valueRequired\":true,\"valueName\":\"search_term_string\"}}],\"inLanguage\":\"es\"},{\"@type\":\"Organization\",\"@id\":\"https:\/\/temporada-alta.com\/es\/#organization\",\"name\":\"Temporada Alta\",\"url\":\"https:\/\/temporada-alta.com\/es\/\",\"logo\":{\"@type\":\"ImageObject\",\"inLanguage\":\"es\",\"@id\":\"https:\/\/temporada-alta.com\/es\/#\/schema\/logo\/image\/\",\"url\":\"https:\/\/temporada-alta.com\/wp-content\/uploads\/TA21-Logotip-pos.png\",\"contentUrl\":\"https:\/\/temporada-alta.com\/wp-content\/uploads\/TA21-Logotip-pos.png\",\"width\":800,\"height\":267,\"caption\":\"Temporada Alta\"},\"image\":{\"@id\":\"https:\/\/temporada-alta.com\/es\/#\/schema\/logo\/image\/\"}}]}<\/script>\n<!-- \/ Yoast SEO plugin. -->","yoast_head_json":{"title":"'Aix\u00f2 no \u00e9s un c\u00e0sting', nominado a los Premis Sonor 2025 - Temporada Alta","robots":{"index":"index","follow":"follow","max-snippet":"max-snippet:-1","max-image-preview":"max-image-preview:large","max-video-preview":"max-video-preview:-1"},"canonical":"https:\/\/temporada-alta.com\/es\/noticia\/aixo-no-es-un-casting-nominado-a-los-premis-sonor-2025\/","og_locale":"es_ES","og_type":"article","og_title":"'Aix\u00f2 no \u00e9s un c\u00e0sting', nominado a los Premis Sonor 2025 - Temporada Alta","og_description":"Aix\u00f2 no \u00e9s un c\u00e0sting, el p\u00f3dcast de artes esc\u00e9nicas de Temporada Alta y Radio Primavera Sound, ha...","og_url":"https:\/\/temporada-alta.com\/es\/noticia\/aixo-no-es-un-casting-nominado-a-los-premis-sonor-2025\/","og_site_name":"Temporada Alta","og_image":[{"width":800,"height":460,"url":"https:\/\/temporada-alta.com\/wp-content\/uploads\/aixo_no_es_un_casting-1.jpg","type":"image\/jpeg"}],"twitter_card":"summary_large_image","schema":{"@context":"https:\/\/schema.org","@graph":[{"@type":"WebPage","@id":"https:\/\/temporada-alta.com\/es\/noticia\/aixo-no-es-un-casting-nominado-a-los-premis-sonor-2025\/","url":"https:\/\/temporada-alta.com\/es\/noticia\/aixo-no-es-un-casting-nominado-a-los-premis-sonor-2025\/","name":"'Aix\u00f2 no \u00e9s un c\u00e0sting', nominado a los Premis Sonor 2025 - Temporada Alta","isPartOf":{"@id":"https:\/\/temporada-alta.com\/es\/#website"},"primaryImageOfPage":{"@id":"https:\/\/temporada-alta.com\/es\/noticia\/aixo-no-es-un-casting-nominado-a-los-premis-sonor-2025\/#primaryimage"},"image":{"@id":"https:\/\/temporada-alta.com\/es\/noticia\/aixo-no-es-un-casting-nominado-a-los-premis-sonor-2025\/#primaryimage"},"thumbnailUrl":"https:\/\/temporada-alta.com\/wp-content\/uploads\/aixo_no_es_un_casting-1.jpg","datePublished":"2025-04-30T16:30:00+00:00","breadcrumb":{"@id":"https:\/\/temporada-alta.com\/es\/noticia\/aixo-no-es-un-casting-nominado-a-los-premis-sonor-2025\/#breadcrumb"},"inLanguage":"es","potentialAction":[{"@type":"ReadAction","target":["https:\/\/temporada-alta.com\/es\/noticia\/aixo-no-es-un-casting-nominado-a-los-premis-sonor-2025\/"]}]},{"@type":"ImageObject","inLanguage":"es","@id":"https:\/\/temporada-alta.com\/es\/noticia\/aixo-no-es-un-casting-nominado-a-los-premis-sonor-2025\/#primaryimage","url":"https:\/\/temporada-alta.com\/wp-content\/uploads\/aixo_no_es_un_casting-1.jpg","contentUrl":"https:\/\/temporada-alta.com\/wp-content\/uploads\/aixo_no_es_un_casting-1.jpg","width":800,"height":460},{"@type":"BreadcrumbList","@id":"https:\/\/temporada-alta.com\/es\/noticia\/aixo-no-es-un-casting-nominado-a-los-premis-sonor-2025\/#breadcrumb","itemListElement":[{"@type":"ListItem","position":1,"name":"Inici","item":"https:\/\/temporada-alta.com\/es\/"},{"@type":"ListItem","position":2,"name":"&#8216;Aix\u00f2 no \u00e9s un c\u00e0sting&#8217;, nominado a los Premis Sonor 2025"}]},{"@type":"WebSite","@id":"https:\/\/temporada-alta.com\/es\/#website","url":"https:\/\/temporada-alta.com\/es\/","name":"Temporada Alta","description":"Festival d&#039;Arts Esc\u00e8niques","publisher":{"@id":"https:\/\/temporada-alta.com\/es\/#organization"},"potentialAction":[{"@type":"SearchAction","target":{"@type":"EntryPoint","urlTemplate":"https:\/\/temporada-alta.com\/es\/?s={search_term_string}"},"query-input":{"@type":"PropertyValueSpecification","valueRequired":true,"valueName":"search_term_string"}}],"inLanguage":"es"},{"@type":"Organization","@id":"https:\/\/temporada-alta.com\/es\/#organization","name":"Temporada Alta","url":"https:\/\/temporada-alta.com\/es\/","logo":{"@type":"ImageObject","inLanguage":"es","@id":"https:\/\/temporada-alta.com\/es\/#\/schema\/logo\/image\/","url":"https:\/\/temporada-alta.com\/wp-content\/uploads\/TA21-Logotip-pos.png","contentUrl":"https:\/\/temporada-alta.com\/wp-content\/uploads\/TA21-Logotip-pos.png","width":800,"height":267,"caption":"Temporada Alta"},"image":{"@id":"https:\/\/temporada-alta.com\/es\/#\/schema\/logo\/image\/"}}]}},"_links":{"self":[{"href":"https:\/\/temporada-alta.com\/es\/wp-json\/wp\/v2\/noticia\/100396","targetHints":{"allow":["GET"]}}],"collection":[{"href":"https:\/\/temporada-alta.com\/es\/wp-json\/wp\/v2\/noticia"}],"about":[{"href":"https:\/\/temporada-alta.com\/es\/wp-json\/wp\/v2\/types\/noticia"}],"wp:featuredmedia":[{"embeddable":true,"href":"https:\/\/temporada-alta.com\/es\/wp-json\/wp\/v2\/media\/96894"}],"wp:attachment":[{"href":"https:\/\/temporada-alta.com\/es\/wp-json\/wp\/v2\/media?parent=100396"}],"curies":[{"name":"wp","href":"https:\/\/api.w.org\/{rel}","templated":true}]}}