{"id":4986,"global_id":"temporada-alta.com\/es\/?id=4986","global_id_lineage":["temporada-alta.com\/es\/?id=4986"],"author":"36118","status":"publish","date":"2018-08-09 15:16:53","date_utc":"2018-08-09 13:16:53","modified":"2018-12-03 20:00:06","modified_utc":"2018-12-03 19:00:06","url":"https:\/\/temporada-alta.com\/es\/espectaculo\/im-herzen-der-gewalt-al-cor-de-la-violencia\/","rest_url":"https:\/\/temporada-alta.com\/es\/wp-json\/tribe\/events\/v1\/events\/4986","title":"Im Herzen der Gewalt (Al cor de la viol\u00e8ncia)","description":"<div id=\"modal-ready\"><h2>El director alem\u00e1n Thomas Ostermeier (Shaub\u00fchne Berlin), uno de los m\u00e1s importantes de la actualidad, adapta la novela autobiogr\u00e1fica de \u00c9douard Louis<\/h2>\n<p>La Schaub\u00fchne de Berl\u00edn, con Thomas Ostermeier al frente, regresa al festival con uno de sus \u00faltimos estrenos: la adaptaci\u00f3n esc\u00e9nica de la novela autobiogr\u00e1fica Histoire de la violence, de \u00c9douard Louis.\u00a0Un texto sobre c\u00f3mo un hecho traum\u00e1tico personal acaba por revelar el alma m\u00e1s oscura de la sociedad.<\/p>\n<\/div>","excerpt":"","slug":"im-herzen-der-gewalt-al-cor-de-la-violencia","image":{"url":"https:\/\/temporada-alta.com\/wp-content\/uploads\/im_herzen_der_gewalt_C_ArnoDeclair.jpg","id":7647,"extension":"jpg","width":1200,"height":600,"sizes":{"medium":{"width":630,"height":315,"mime-type":"image\/jpeg","url":"https:\/\/temporada-alta.com\/wp-content\/uploads\/im_herzen_der_gewalt_C_ArnoDeclair-630x315.jpg"},"thumbnail":{"width":150,"height":150,"mime-type":"image\/jpeg","url":"https:\/\/temporada-alta.com\/wp-content\/uploads\/im_herzen_der_gewalt_C_ArnoDeclair-150x150.jpg"},"medium_large":{"width":768,"height":384,"mime-type":"image\/jpeg","url":"https:\/\/temporada-alta.com\/wp-content\/uploads\/im_herzen_der_gewalt_C_ArnoDeclair-768x384.jpg"},"event_list":{"width":640,"height":480,"mime-type":"image\/jpeg","url":"https:\/\/temporada-alta.com\/wp-content\/uploads\/im_herzen_der_gewalt_C_ArnoDeclair-640x480.jpg"},"img_home_slider":{"width":345,"height":290,"mime-type":"image\/jpeg","url":"https:\/\/temporada-alta.com\/wp-content\/uploads\/im_herzen_der_gewalt_C_ArnoDeclair-345x290.jpg"},"medium_old_300x150":{"width":300,"height":150,"mime-type":"image\/jpeg","url":"https:\/\/temporada-alta.com\/wp-content\/uploads\/im_herzen_der_gewalt_C_ArnoDeclair-300x150.jpg"},"large":{"width":1024,"height":512,"mime-type":"image\/jpeg","url":"https:\/\/temporada-alta.com\/wp-content\/uploads\/im_herzen_der_gewalt_C_ArnoDeclair-1024x512.jpg"}}},"all_day":false,"start_date":"2018-12-03 00:00:00","start_date_details":{"year":"2018","month":"12","day":"03","hour":"00","minutes":"00","seconds":"00"},"end_date":"2018-12-03 23:59:59","end_date_details":{"year":"2018","month":"12","day":"03","hour":"23","minutes":"59","seconds":"59"},"utc_start_date":"2018-12-03 00:00:00","utc_start_date_details":{"year":"2018","month":"12","day":"03","hour":"00","minutes":"00","seconds":"00"},"utc_end_date":"2018-12-03 23:59:59","utc_end_date_details":{"year":"2018","month":"12","day":"03","hour":"23","minutes":"59","seconds":"59"},"timezone":"Europe\/Madrid","timezone_abbr":"CET","cost":"26\u20ac","cost_details":{"currency_symbol":"\u20ac","currency_code":"","currency_position":"suffix","values":["26"]},"website":"","show_map":true,"show_map_link":true,"hide_from_listings":false,"sticky":false,"featured":false,"categories":[{"name":"2018","slug":"2018","term_group":0,"term_taxonomy_id":36,"taxonomy":"tribe_events_cat","description":"","parent":0,"count":113,"filter":"raw","term_order":"1","id":36,"urls":{"self":"https:\/\/temporada-alta.com\/es\/wp-json\/tribe\/events\/v1\/categories\/36","collection":"https:\/\/temporada-alta.com\/es\/wp-json\/tribe\/events\/v1\/categories"}}],"tags":[],"venue":{"id":3812,"author":"4","status":"publish","date":"2018-08-07 10:56:58","date_utc":"2018-08-07 08:56:58","modified":"2018-10-04 10:24:34","modified_utc":"2018-10-04 08:24:34","url":"https:\/\/temporada-alta.com\/es\/lugar\/teatre-municipal-de-girona\/","venue":"Teatre Municipal de Girona","slug":"teatre-municipal-de-girona","image":{"url":"https:\/\/temporada-alta.com\/wp-content\/uploads\/teatre_municipal_girona.jpg","id":2076,"extension":"jpg","width":768,"height":512,"sizes":{"medium":{"width":558,"height":372,"mime-type":"image\/jpeg","url":"https:\/\/temporada-alta.com\/wp-content\/uploads\/teatre_municipal_girona-558x372.jpg"},"thumbnail":{"width":150,"height":150,"mime-type":"image\/jpeg","url":"https:\/\/temporada-alta.com\/wp-content\/uploads\/teatre_municipal_girona-150x150.jpg"},"event_list":{"width":640,"height":480,"mime-type":"image\/jpeg","url":"https:\/\/temporada-alta.com\/wp-content\/uploads\/teatre_municipal_girona-640x480.jpg"},"img_home_slider":{"width":345,"height":290,"mime-type":"image\/jpeg","url":"https:\/\/temporada-alta.com\/wp-content\/uploads\/teatre_municipal_girona-345x290.jpg"},"medium_old_300x200":{"width":300,"height":200,"mime-type":"image\/jpeg","url":"https:\/\/temporada-alta.com\/wp-content\/uploads\/teatre_municipal_girona-300x200.jpg"},"medium_large":{"width":768,"height":512,"mime-type":"image\/jpeg","url":"https:\/\/temporada-alta.com\/wp-content\/uploads\/teatre_municipal_girona-768x512.jpg"}}},"country":"Espanya","json_ld":{"@type":"Place","name":"Teatre Municipal de Girona","description":"","image":"https:\/\/temporada-alta.com\/wp-content\/uploads\/teatre_municipal_girona.jpg","url":"","address":{"@type":"PostalAddress","addressCountry":"Espanya"},"telephone":"","sameAs":""},"show_map":true,"show_map_link":true,"global_id":"temporada-alta.com\/es\/?id=3812","global_id_lineage":["temporada-alta.com\/es\/?id=3812"]},"organizer":[],"custom_fields":[],"json_ld":{"@context":"http:\/\/schema.org","@type":"Event","name":"Im Herzen der Gewalt (Al cor de la viol\u00e8ncia)","description":"&lt;p&gt;El director alem\u00e1n Thomas Ostermeier (Shaub\u00fchne Berlin), uno de los m\u00e1s importantes de la actualidad, adapta la novela...&lt;\/p&gt;\\n","image":"https:\/\/temporada-alta.com\/wp-content\/uploads\/im_herzen_der_gewalt_C_ArnoDeclair.jpg","url":"https:\/\/temporada-alta.com\/es\/espectaculo\/im-herzen-der-gewalt-al-cor-de-la-violencia\/","eventAttendanceMode":"https:\/\/schema.org\/OfflineEventAttendanceMode","eventStatus":"https:\/\/schema.org\/EventScheduled","startDate":"2018-12-03T00:00:00+01:00","endDate":"2018-12-03T23:59:59+01:00","location":{"@type":"Place","name":"Teatre Municipal de Girona","description":"","image":"https:\/\/temporada-alta.com\/wp-content\/uploads\/teatre_municipal_girona.jpg","url":"","address":{"@type":"PostalAddress","addressCountry":"Espanya"},"telephone":"","sameAs":""},"offers":{"@type":"Offer","price":"26","priceCurrency":"USD","url":"https:\/\/temporada-alta.com\/es\/espectaculo\/im-herzen-der-gewalt-al-cor-de-la-violencia\/","category":"primary","availability":"inStock","validFrom":"2018-09-08T00:00:00+00:00"},"performer":"Organization"}}