{"id":34108,"global_id":"temporada-alta.com\/es\/?id=34108","global_id_lineage":["temporada-alta.com\/es\/?id=34108"],"author":"36118","status":"publish","date":"2019-03-29 11:20:36","date_utc":"2019-03-29 10:20:36","modified":"2019-03-29 11:44:06","modified_utc":"2019-03-29 10:44:06","url":"https:\/\/temporada-alta.com\/es\/espectaculo\/el-petit-princep-2\/","rest_url":"https:\/\/temporada-alta.com\/es\/wp-json\/tribe\/events\/v1\/events\/34108","title":"El Petit Pr\u00edncep","description":"<div id=\"modal-ready\"><h2>M\u00e1s de 300 funciones de este musical de \u00c0ngel Ll\u00e0cer y Manu Guix<\/h2>\n<p>Los talentos de \u00c0ngel\u00a0Ll\u00e0cer\u00a0y Manu Guix se conjuraron en este proyecto de teatro musical que triunfa temporada tras\u00a0temporada. Un espect\u00e1culo premiado, aplaudido y querido\u00a0que con\u00a0m\u00e1s de 300 funciones desde su estreno el 2014. Tiempo suficiente para considerarlo ya un t\u00edtulo cl\u00e1sico entre los musicales de creaci\u00f3n catalana. Temporada Alta ofrece una nueva oportunidad para disfrutar de una producci\u00f3n para toda la familia con un espectacular dise\u00f1o audiovisual que reproduce, en\u00a0el escenario, toda la poes\u00eda, la fantas\u00eda y el encanto del maravilloso cuento de\u00a0Antoine\u00a0de\u00a0Saint-Exup\u00e9ry.<\/p>\n<\/div>","excerpt":"","slug":"el-petit-princep-2","image":{"url":"https:\/\/temporada-alta.com\/wp-content\/uploads\/ElPetitPrincep_c_DavidRuano_.jpg","id":4665,"extension":"jpg","width":1200,"height":600,"sizes":{"medium":{"width":630,"height":315,"mime-type":"image\/jpeg","url":"https:\/\/temporada-alta.com\/wp-content\/uploads\/ElPetitPrincep_c_DavidRuano_-630x315.jpg"},"thumbnail":{"width":150,"height":150,"mime-type":"image\/jpeg","url":"https:\/\/temporada-alta.com\/wp-content\/uploads\/ElPetitPrincep_c_DavidRuano_-150x150.jpg"},"medium_large":{"width":768,"height":384,"mime-type":"image\/jpeg","url":"https:\/\/temporada-alta.com\/wp-content\/uploads\/ElPetitPrincep_c_DavidRuano_-768x384.jpg"},"event_list":{"width":640,"height":480,"mime-type":"image\/jpeg","url":"https:\/\/temporada-alta.com\/wp-content\/uploads\/ElPetitPrincep_c_DavidRuano_-640x480.jpg"},"img_home_slider":{"width":345,"height":290,"mime-type":"image\/jpeg","url":"https:\/\/temporada-alta.com\/wp-content\/uploads\/ElPetitPrincep_c_DavidRuano_-345x290.jpg"},"medium_old_300x150":{"width":300,"height":150,"mime-type":"image\/jpeg","url":"https:\/\/temporada-alta.com\/wp-content\/uploads\/ElPetitPrincep_c_DavidRuano_-300x150.jpg"},"large":{"width":1024,"height":512,"mime-type":"image\/jpeg","url":"https:\/\/temporada-alta.com\/wp-content\/uploads\/ElPetitPrincep_c_DavidRuano_-1024x512.jpg"}}},"all_day":false,"start_date":"2018-12-02 00:00:00","start_date_details":{"year":"2018","month":"12","day":"02","hour":"00","minutes":"00","seconds":"00"},"end_date":"2018-12-02 23:59:00","end_date_details":{"year":"2018","month":"12","day":"02","hour":"23","minutes":"59","seconds":"00"},"utc_start_date":"2018-12-01 23:00:00","utc_start_date_details":{"year":"2018","month":"12","day":"01","hour":"23","minutes":"00","seconds":"00"},"utc_end_date":"2018-12-02 22:59:00","utc_end_date_details":{"year":"2018","month":"12","day":"02","hour":"22","minutes":"59","seconds":"00"},"timezone":"Europe\/Madrid","timezone_abbr":"CET","cost":"26\u20ac","cost_details":{"currency_symbol":"\u20ac","currency_code":"","currency_position":"suffix","values":["26"]},"website":"","show_map":true,"show_map_link":true,"hide_from_listings":false,"sticky":false,"featured":false,"categories":[{"name":"2017","slug":"2017","term_group":0,"term_taxonomy_id":152,"taxonomy":"tribe_events_cat","description":"","parent":0,"count":97,"filter":"raw","term_order":"0","id":152,"urls":{"self":"https:\/\/temporada-alta.com\/es\/wp-json\/tribe\/events\/v1\/categories\/152","collection":"https:\/\/temporada-alta.com\/es\/wp-json\/tribe\/events\/v1\/categories"}}],"tags":[],"venue":{"id":3814,"author":"4","status":"publish","date":"2018-08-07 10:57:01","date_utc":"2018-08-07 08:57:01","modified":"2018-12-13 16:20:33","modified_utc":"2018-12-13 15:20:33","url":"https:\/\/temporada-alta.com\/es\/lugar\/auditori-de-girona\/","venue":"Auditori de Girona","description":"<div id=\"modal-ready\"><p>http:\/\/www.auditorigirona.org\/cat\/index.php<\/p>\n<\/div>","slug":"auditori-de-girona","image":{"url":"https:\/\/temporada-alta.com\/wp-content\/uploads\/auditori_girona.jpg","id":2095,"extension":"jpg","width":768,"height":512,"sizes":{"medium":{"width":558,"height":372,"mime-type":"image\/jpeg","url":"https:\/\/temporada-alta.com\/wp-content\/uploads\/auditori_girona-558x372.jpg"},"thumbnail":{"width":150,"height":150,"mime-type":"image\/jpeg","url":"https:\/\/temporada-alta.com\/wp-content\/uploads\/auditori_girona-150x150.jpg"},"event_list":{"width":640,"height":480,"mime-type":"image\/jpeg","url":"https:\/\/temporada-alta.com\/wp-content\/uploads\/auditori_girona-640x480.jpg"},"img_home_slider":{"width":345,"height":290,"mime-type":"image\/jpeg","url":"https:\/\/temporada-alta.com\/wp-content\/uploads\/auditori_girona-345x290.jpg"},"medium_old_300x200":{"width":300,"height":200,"mime-type":"image\/jpeg","url":"https:\/\/temporada-alta.com\/wp-content\/uploads\/auditori_girona-300x200.jpg"},"medium_large":{"width":768,"height":512,"mime-type":"image\/jpeg","url":"https:\/\/temporada-alta.com\/wp-content\/uploads\/auditori_girona-768x512.jpg"},"elementor_custom_1000x150":{"width":1000,"height":150,"mime-type":"image\/jpeg","url":"https:\/\/temporada-alta.com\/wp-content\/uploads\/elementor\/thumbs\/auditori_girona-qtklgf9gf993ayuvdrdr2qbg943d3ao6sfakf9uk0s.jpg"}}},"json_ld":{"@type":"Place","name":"Auditori de Girona","description":"&lt;p&gt;http:\/\/www.auditorigirona.org\/cat\/index.php&lt;\/p&gt;\\n","image":"https:\/\/temporada-alta.com\/wp-content\/uploads\/auditori_girona.jpg","url":"","address":{"@type":"PostalAddress"},"telephone":"","sameAs":""},"show_map":true,"show_map_link":true,"global_id":"temporada-alta.com\/es\/?id=3814","global_id_lineage":["temporada-alta.com\/es\/?id=3814"]},"organizer":[],"custom_fields":[],"json_ld":{"@context":"http:\/\/schema.org","@type":"Event","name":"El Petit Pr\u00edncep","description":"&lt;p&gt;M\u00e1s de 300 funciones de este musical de \u00c0ngel Ll\u00e0cer y Manu Guix Los talentos de \u00c0ngel\u00a0Ll\u00e0cer\u00a0y Manu...&lt;\/p&gt;\\n","image":"https:\/\/temporada-alta.com\/wp-content\/uploads\/ElPetitPrincep_c_DavidRuano_.jpg","url":"https:\/\/temporada-alta.com\/es\/espectaculo\/el-petit-princep-2\/","eventAttendanceMode":"https:\/\/schema.org\/OfflineEventAttendanceMode","eventStatus":"https:\/\/schema.org\/EventScheduled","startDate":"2018-12-02T00:00:00+01:00","endDate":"2018-12-02T23:59:00+01:00","location":{"@type":"Place","name":"Auditori de Girona","description":"&lt;p&gt;http:\/\/www.auditorigirona.org\/cat\/index.php&lt;\/p&gt;\\n","image":"https:\/\/temporada-alta.com\/wp-content\/uploads\/auditori_girona.jpg","url":"","address":{"@type":"PostalAddress"},"telephone":"","sameAs":""},"offers":{"@type":"Offer","price":"26","priceCurrency":"USD","url":"https:\/\/temporada-alta.com\/es\/espectaculo\/el-petit-princep-2\/","category":"primary","availability":"inStock","validFrom":"1970-01-01T00:00:00+00:00"},"performer":"Organization"}}