{"id":27488,"global_id":"temporada-alta.com\/es\/?id=27488","global_id_lineage":["temporada-alta.com\/es\/?id=27488"],"author":"4","status":"publish","date":"2016-08-10 13:00:39","date_utc":"2016-08-10 11:00:39","modified":"2019-03-29 13:35:46","modified_utc":"2019-03-29 12:35:46","url":"https:\/\/temporada-alta.com\/es\/espectaculo\/acceso\/","rest_url":"https:\/\/temporada-alta.com\/es\/wp-json\/tribe\/events\/v1\/events\/27488","title":"Acceso","description":"<div id=\"modal-ready\"><h2>El debut en el Festival del director chileno de cine Pablo Larra\u00edn<\/h2>\n<p>Sandokan vende en las calles de Santiago de Chile. Sue\u00f1a con tener \u201cacceso\u201d a la normalidad. Un mon\u00f3logo lleno de humor de Roberto Far\u00edas, dirigido por el multipremiado cineasta chileno Pablo Larra\u00edn. <em>Acceso<\/em> es\u00a0su debut teatral.<\/p>\n<p>&nbsp;<\/p>\n<p><strong><span style=\"color: #ee402e;\">CHILE<\/span><\/strong><\/p>\n<\/div>","excerpt":"","slug":"acceso","image":{"url":"https:\/\/temporada-alta.com\/wp-content\/uploads\/acceso_bn.jpg","id":27439,"extension":"jpg","width":2048,"height":1365,"sizes":{"medium":{"width":558,"height":372,"mime-type":"image\/jpeg","url":"https:\/\/temporada-alta.com\/wp-content\/uploads\/acceso_bn-558x372.jpg"},"large":{"width":1200,"height":800,"mime-type":"image\/jpeg","url":"https:\/\/temporada-alta.com\/wp-content\/uploads\/acceso_bn-1200x800.jpg"},"thumbnail":{"width":150,"height":150,"mime-type":"image\/jpeg","url":"https:\/\/temporada-alta.com\/wp-content\/uploads\/acceso_bn-150x150.jpg"},"medium_large":{"width":768,"height":512,"mime-type":"image\/jpeg","url":"https:\/\/temporada-alta.com\/wp-content\/uploads\/acceso_bn-768x512.jpg"},"1536x1536":{"width":1536,"height":1024,"mime-type":"image\/jpeg","url":"https:\/\/temporada-alta.com\/wp-content\/uploads\/acceso_bn-1536x1024.jpg"},"event_list":{"width":640,"height":480,"mime-type":"image\/jpeg","url":"https:\/\/temporada-alta.com\/wp-content\/uploads\/acceso_bn-640x480.jpg"},"img_home_slider":{"width":345,"height":290,"mime-type":"image\/jpeg","url":"https:\/\/temporada-alta.com\/wp-content\/uploads\/acceso_bn-345x290.jpg"},"event_single":{"width":2048,"height":1200,"mime-type":"image\/jpeg","url":"https:\/\/temporada-alta.com\/wp-content\/uploads\/acceso_bn-2048x1200.jpg"},"medium_old_300x200":{"width":300,"height":200,"mime-type":"image\/jpeg","url":"https:\/\/temporada-alta.com\/wp-content\/uploads\/acceso_bn-300x200.jpg"},"large_old_1024x683":{"width":1024,"height":683,"mime-type":"image\/jpeg","url":"https:\/\/temporada-alta.com\/wp-content\/uploads\/acceso_bn-1024x683.jpg"}}},"all_day":false,"start_date":"2016-12-02 00:00:00","start_date_details":{"year":"2016","month":"12","day":"02","hour":"00","minutes":"00","seconds":"00"},"end_date":"2016-12-02 23:59:00","end_date_details":{"year":"2016","month":"12","day":"02","hour":"23","minutes":"59","seconds":"00"},"utc_start_date":"2016-12-01 23:00:00","utc_start_date_details":{"year":"2016","month":"12","day":"01","hour":"23","minutes":"00","seconds":"00"},"utc_end_date":"2016-12-02 22:59:00","utc_end_date_details":{"year":"2016","month":"12","day":"02","hour":"22","minutes":"59","seconds":"00"},"timezone":"Europe\/Madrid","timezone_abbr":"CET","cost":"","cost_details":{"currency_symbol":"\u20ac","currency_code":"","currency_position":"suffix","values":[]},"website":"","show_map":true,"show_map_link":true,"hide_from_listings":false,"sticky":false,"featured":false,"categories":[{"name":"2016","slug":"2016","term_group":0,"term_taxonomy_id":153,"taxonomy":"tribe_events_cat","description":"","parent":0,"count":96,"filter":"raw","term_order":"0","id":153,"urls":{"self":"https:\/\/temporada-alta.com\/es\/wp-json\/tribe\/events\/v1\/categories\/153","collection":"https:\/\/temporada-alta.com\/es\/wp-json\/tribe\/events\/v1\/categories"}}],"tags":[],"venue":{"id":5794,"author":"1","status":"publish","date":"2018-08-13 09:29:55","date_utc":"2018-08-13 07:29:55","modified":"2018-10-04 10:12:16","modified_utc":"2018-10-04 08:12:16","url":"https:\/\/temporada-alta.com\/es\/lugar\/sala-la-planeta\/","venue":"Sala La Planeta","slug":"sala-la-planeta","image":{"url":"https:\/\/temporada-alta.com\/wp-content\/uploads\/la_planeta.jpg","id":2087,"extension":"jpg","width":768,"height":512,"sizes":{"medium":{"width":558,"height":372,"mime-type":"image\/jpeg","url":"https:\/\/temporada-alta.com\/wp-content\/uploads\/la_planeta-558x372.jpg"},"thumbnail":{"width":150,"height":150,"mime-type":"image\/jpeg","url":"https:\/\/temporada-alta.com\/wp-content\/uploads\/la_planeta-150x150.jpg"},"event_list":{"width":640,"height":480,"mime-type":"image\/jpeg","url":"https:\/\/temporada-alta.com\/wp-content\/uploads\/la_planeta-640x480.jpg"},"img_home_slider":{"width":345,"height":290,"mime-type":"image\/jpeg","url":"https:\/\/temporada-alta.com\/wp-content\/uploads\/la_planeta-345x290.jpg"},"medium_old_300x200":{"width":300,"height":200,"mime-type":"image\/jpeg","url":"https:\/\/temporada-alta.com\/wp-content\/uploads\/la_planeta-300x200.jpg"},"medium_large":{"width":768,"height":512,"mime-type":"image\/jpeg","url":"https:\/\/temporada-alta.com\/wp-content\/uploads\/la_planeta-768x512.jpg"}}},"json_ld":{"@type":"Place","name":"Sala La Planeta","description":"","image":"https:\/\/temporada-alta.com\/wp-content\/uploads\/la_planeta.jpg","url":"","address":{"@type":"PostalAddress"},"telephone":"","sameAs":""},"show_map":true,"show_map_link":true,"global_id":"temporada-alta.com\/es\/?id=5794","global_id_lineage":["temporada-alta.com\/es\/?id=5794"]},"organizer":[],"custom_fields":[],"json_ld":{"@context":"http:\/\/schema.org","@type":"Event","name":"Acceso","description":"&lt;p&gt;El debut en el Festival del director chileno de cine Pablo Larra\u00edn Sandokan vende en las calles de...&lt;\/p&gt;\\n","image":"https:\/\/temporada-alta.com\/wp-content\/uploads\/acceso_bn.jpg","url":"https:\/\/temporada-alta.com\/es\/espectaculo\/acceso\/","eventAttendanceMode":"https:\/\/schema.org\/OfflineEventAttendanceMode","eventStatus":"https:\/\/schema.org\/EventScheduled","startDate":"2016-12-02T00:00:00+01:00","endDate":"2016-12-02T23:59:00+01:00","location":{"@type":"Place","name":"Sala La Planeta","description":"","image":"https:\/\/temporada-alta.com\/wp-content\/uploads\/la_planeta.jpg","url":"","address":{"@type":"PostalAddress"},"telephone":"","sameAs":""},"performer":"Organization"}}