{"id":27083,"global_id":"temporada-alta.com\/es\/?id=27083","global_id_lineage":["temporada-alta.com\/es\/?id=27083"],"author":"4","status":"publish","date":"2016-08-05 20:00:41","date_utc":"2016-08-05 18:00:41","modified":"2019-03-27 10:56:08","modified_utc":"2019-03-27 09:56:08","url":"https:\/\/temporada-alta.com\/es\/espectaculo\/santiago-amoukalli-2\/","rest_url":"https:\/\/temporada-alta.com\/es\/wp-json\/tribe\/events\/v1\/events\/27083","title":"Santiago Amoukalli","description":"<div id=\"modal-ready\"><h2>Lagartijas tiradas al sol nos habla de un estado invisible a los ojos de la rep\u00fablica mexicana<\/h2>\n<p>Santiago Amoukalli es una comunidad nahua del suroeste de M\u00e9xico. Extranjeros en su propio pa\u00eds. Un M\u00e9xico invisible para la democracia de la rep\u00fablica.<\/p>\n<p>&nbsp;<\/p>\n<p><span style=\"color: #ee402e;\"><strong>M\u00c9XICO<\/strong><\/span><\/p>\n<\/div>","excerpt":"","slug":"santiago-amoukalli-2","image":{"url":"https:\/\/temporada-alta.com\/wp-content\/uploads\/santiagoamoukalli_bn-scaled.jpg","id":27019,"extension":"jpg","width":2560,"height":1440,"sizes":{"medium":{"width":630,"height":354,"mime-type":"image\/jpeg","url":"https:\/\/temporada-alta.com\/wp-content\/uploads\/santiagoamoukalli_bn-630x354.jpg"},"large":{"width":1200,"height":675,"mime-type":"image\/jpeg","url":"https:\/\/temporada-alta.com\/wp-content\/uploads\/santiagoamoukalli_bn-1200x675.jpg"},"thumbnail":{"width":150,"height":150,"mime-type":"image\/jpeg","url":"https:\/\/temporada-alta.com\/wp-content\/uploads\/santiagoamoukalli_bn-150x150.jpg"},"medium_large":{"width":768,"height":432,"mime-type":"image\/jpeg","url":"https:\/\/temporada-alta.com\/wp-content\/uploads\/santiagoamoukalli_bn-768x432.jpg"},"1536x1536":{"width":1536,"height":864,"mime-type":"image\/jpeg","url":"https:\/\/temporada-alta.com\/wp-content\/uploads\/santiagoamoukalli_bn-1536x864.jpg"},"2048x2048":{"width":2048,"height":1152,"mime-type":"image\/jpeg","url":"https:\/\/temporada-alta.com\/wp-content\/uploads\/santiagoamoukalli_bn-2048x1152.jpg"},"event_list":{"width":640,"height":480,"mime-type":"image\/jpeg","url":"https:\/\/temporada-alta.com\/wp-content\/uploads\/santiagoamoukalli_bn-640x480.jpg"},"img_home_slider":{"width":345,"height":290,"mime-type":"image\/jpeg","url":"https:\/\/temporada-alta.com\/wp-content\/uploads\/santiagoamoukalli_bn-345x290.jpg"},"event_single":{"width":2400,"height":1200,"mime-type":"image\/jpeg","url":"https:\/\/temporada-alta.com\/wp-content\/uploads\/santiagoamoukalli_bn-2400x1200.jpg"},"medium_old_300x169":{"width":300,"height":169,"mime-type":"image\/jpeg","url":"https:\/\/temporada-alta.com\/wp-content\/uploads\/santiagoamoukalli_bn-300x169.jpg"},"large_old_1024x576":{"width":1024,"height":576,"mime-type":"image\/jpeg","url":"https:\/\/temporada-alta.com\/wp-content\/uploads\/santiagoamoukalli_bn-1024x576.jpg"}},"original_image":"santiagoamoukalli_bn.jpg"},"all_day":false,"start_date":"2016-10-12 00:00:00","start_date_details":{"year":"2016","month":"10","day":"12","hour":"00","minutes":"00","seconds":"00"},"end_date":"2016-10-12 23:59:00","end_date_details":{"year":"2016","month":"10","day":"12","hour":"23","minutes":"59","seconds":"00"},"utc_start_date":"2016-10-11 22:00:00","utc_start_date_details":{"year":"2016","month":"10","day":"11","hour":"22","minutes":"00","seconds":"00"},"utc_end_date":"2016-10-12 21:59:00","utc_end_date_details":{"year":"2016","month":"10","day":"12","hour":"21","minutes":"59","seconds":"00"},"timezone":"Europe\/Madrid","timezone_abbr":"CEST","cost":"","cost_details":{"currency_symbol":"\u20ac","currency_code":"","currency_position":"suffix","values":[]},"website":"","show_map":true,"show_map_link":true,"hide_from_listings":false,"sticky":false,"featured":false,"categories":[{"name":"2016","slug":"2016","term_group":0,"term_taxonomy_id":153,"taxonomy":"tribe_events_cat","description":"","parent":0,"count":96,"filter":"raw","term_order":"0","id":153,"urls":{"self":"https:\/\/temporada-alta.com\/es\/wp-json\/tribe\/events\/v1\/categories\/153","collection":"https:\/\/temporada-alta.com\/es\/wp-json\/tribe\/events\/v1\/categories"}}],"tags":[],"venue":{"id":5794,"author":"1","status":"publish","date":"2018-08-13 09:29:55","date_utc":"2018-08-13 07:29:55","modified":"2018-10-04 10:12:16","modified_utc":"2018-10-04 08:12:16","url":"https:\/\/temporada-alta.com\/es\/lugar\/sala-la-planeta\/","venue":"Sala La Planeta","slug":"sala-la-planeta","image":{"url":"https:\/\/temporada-alta.com\/wp-content\/uploads\/la_planeta.jpg","id":2087,"extension":"jpg","width":768,"height":512,"sizes":{"medium":{"width":558,"height":372,"mime-type":"image\/jpeg","url":"https:\/\/temporada-alta.com\/wp-content\/uploads\/la_planeta-558x372.jpg"},"thumbnail":{"width":150,"height":150,"mime-type":"image\/jpeg","url":"https:\/\/temporada-alta.com\/wp-content\/uploads\/la_planeta-150x150.jpg"},"event_list":{"width":640,"height":480,"mime-type":"image\/jpeg","url":"https:\/\/temporada-alta.com\/wp-content\/uploads\/la_planeta-640x480.jpg"},"img_home_slider":{"width":345,"height":290,"mime-type":"image\/jpeg","url":"https:\/\/temporada-alta.com\/wp-content\/uploads\/la_planeta-345x290.jpg"},"medium_old_300x200":{"width":300,"height":200,"mime-type":"image\/jpeg","url":"https:\/\/temporada-alta.com\/wp-content\/uploads\/la_planeta-300x200.jpg"},"medium_large":{"width":768,"height":512,"mime-type":"image\/jpeg","url":"https:\/\/temporada-alta.com\/wp-content\/uploads\/la_planeta-768x512.jpg"}}},"json_ld":{"@type":"Place","name":"Sala La Planeta","description":"","image":"https:\/\/temporada-alta.com\/wp-content\/uploads\/la_planeta.jpg","url":"","address":{"@type":"PostalAddress"},"telephone":"","sameAs":""},"show_map":true,"show_map_link":true,"global_id":"temporada-alta.com\/es\/?id=5794","global_id_lineage":["temporada-alta.com\/es\/?id=5794"]},"organizer":[],"custom_fields":[],"json_ld":{"@context":"http:\/\/schema.org","@type":"Event","name":"Santiago Amoukalli","description":"&lt;p&gt;Lagartijas tiradas al sol nos habla de un estado invisible a los ojos de la rep\u00fablica mexicana Santiago...&lt;\/p&gt;\\n","image":"https:\/\/temporada-alta.com\/wp-content\/uploads\/santiagoamoukalli_bn-scaled.jpg","url":"https:\/\/temporada-alta.com\/es\/espectaculo\/santiago-amoukalli-2\/","eventAttendanceMode":"https:\/\/schema.org\/OfflineEventAttendanceMode","eventStatus":"https:\/\/schema.org\/EventScheduled","startDate":"2016-10-12T00:00:00+02:00","endDate":"2016-10-12T23:59:00+02:00","location":{"@type":"Place","name":"Sala La Planeta","description":"","image":"https:\/\/temporada-alta.com\/wp-content\/uploads\/la_planeta.jpg","url":"","address":{"@type":"PostalAddress"},"telephone":"","sameAs":""},"performer":"Organization"}}