{"id":24652,"global_id":"temporada-alta.com\/es\/?id=24652","global_id_lineage":["temporada-alta.com\/es\/?id=24652"],"author":"4","status":"publish","date":"2015-09-06 09:00:00","date_utc":"2015-09-06 07:00:00","modified":"2019-03-27 12:10:42","modified_utc":"2019-03-27 11:10:42","url":"https:\/\/temporada-alta.com\/es\/espectaculo\/marlango\/","rest_url":"https:\/\/temporada-alta.com\/es\/wp-json\/tribe\/events\/v1\/events\/24652","title":"Marlango","description":"<div id=\"modal-ready\"><h2>Leonor Watling, Alejandro Pelayo y \u00d3scar Ybarra presentan Un d\u00eda extraordinario<\/h2>\n<p>En su quinto disco, <em><strong>Un d\u00eda extraordinario<\/strong><\/em>, por primera vez la banda de <strong>Leonor Watling<\/strong>, <strong>Alejandro Pelayo <\/strong>y <strong>\u00d3scar Ybarra <\/strong>aborda las letras en castellano, consiguiendo paisajes sonoros a\u00fan m\u00e1s cautivadores. Todo vuelve a ser extraordinario en el universo <strong>Marlango<\/strong>.<\/p>\n<\/div>","excerpt":"","slug":"marlango","image":{"url":"https:\/\/temporada-alta.com\/wp-content\/uploads\/marlango.jpg","id":24555,"extension":"jpg","width":1000,"height":1524,"sizes":{"medium":{"width":244,"height":372,"mime-type":"image\/jpeg","url":"https:\/\/temporada-alta.com\/wp-content\/uploads\/marlango-244x372.jpg"},"thumbnail":{"width":150,"height":150,"mime-type":"image\/jpeg","url":"https:\/\/temporada-alta.com\/wp-content\/uploads\/marlango-150x150.jpg"},"medium_large":{"width":768,"height":1170,"mime-type":"image\/jpeg","url":"https:\/\/temporada-alta.com\/wp-content\/uploads\/marlango-768x1170.jpg"},"event_list":{"width":640,"height":480,"mime-type":"image\/jpeg","url":"https:\/\/temporada-alta.com\/wp-content\/uploads\/marlango-640x480.jpg"},"img_home_slider":{"width":345,"height":290,"mime-type":"image\/jpeg","url":"https:\/\/temporada-alta.com\/wp-content\/uploads\/marlango-345x290.jpg"},"event_single":{"width":1000,"height":1200,"mime-type":"image\/jpeg","url":"https:\/\/temporada-alta.com\/wp-content\/uploads\/marlango-1000x1200.jpg"},"medium_old_197x300":{"width":197,"height":300,"mime-type":"image\/jpeg","url":"https:\/\/temporada-alta.com\/wp-content\/uploads\/marlango-197x300.jpg"},"large":{"width":672,"height":1024,"mime-type":"image\/jpeg","url":"https:\/\/temporada-alta.com\/wp-content\/uploads\/marlango-672x1024.jpg"}}},"all_day":false,"start_date":"2012-10-20 00:00:00","start_date_details":{"year":"2012","month":"10","day":"20","hour":"00","minutes":"00","seconds":"00"},"end_date":"2012-10-20 23:59:00","end_date_details":{"year":"2012","month":"10","day":"20","hour":"23","minutes":"59","seconds":"00"},"utc_start_date":"2012-10-19 22:00:00","utc_start_date_details":{"year":"2012","month":"10","day":"19","hour":"22","minutes":"00","seconds":"00"},"utc_end_date":"2012-10-20 21:59:00","utc_end_date_details":{"year":"2012","month":"10","day":"20","hour":"21","minutes":"59","seconds":"00"},"timezone":"Europe\/Madrid","timezone_abbr":"CEST","cost":"","cost_details":{"currency_symbol":"\u20ac","currency_code":"","currency_position":"suffix","values":[]},"website":"","show_map":true,"show_map_link":true,"hide_from_listings":false,"sticky":false,"featured":false,"categories":[{"name":"2012","slug":"2012","term_group":0,"term_taxonomy_id":148,"taxonomy":"tribe_events_cat","description":"","parent":0,"count":72,"filter":"raw","term_order":"0","id":148,"urls":{"self":"https:\/\/temporada-alta.com\/es\/wp-json\/tribe\/events\/v1\/categories\/148","collection":"https:\/\/temporada-alta.com\/es\/wp-json\/tribe\/events\/v1\/categories"}}],"tags":[],"venue":{"id":3814,"author":"4","status":"publish","date":"2018-08-07 10:57:01","date_utc":"2018-08-07 08:57:01","modified":"2018-12-13 16:20:33","modified_utc":"2018-12-13 15:20:33","url":"https:\/\/temporada-alta.com\/es\/lugar\/auditori-de-girona\/","venue":"Auditori de Girona","description":"<div id=\"modal-ready\"><p>http:\/\/www.auditorigirona.org\/cat\/index.php<\/p>\n<\/div>","slug":"auditori-de-girona","image":{"url":"https:\/\/temporada-alta.com\/wp-content\/uploads\/auditori_girona.jpg","id":2095,"extension":"jpg","width":768,"height":512,"sizes":{"medium":{"width":558,"height":372,"mime-type":"image\/jpeg","url":"https:\/\/temporada-alta.com\/wp-content\/uploads\/auditori_girona-558x372.jpg"},"thumbnail":{"width":150,"height":150,"mime-type":"image\/jpeg","url":"https:\/\/temporada-alta.com\/wp-content\/uploads\/auditori_girona-150x150.jpg"},"event_list":{"width":640,"height":480,"mime-type":"image\/jpeg","url":"https:\/\/temporada-alta.com\/wp-content\/uploads\/auditori_girona-640x480.jpg"},"img_home_slider":{"width":345,"height":290,"mime-type":"image\/jpeg","url":"https:\/\/temporada-alta.com\/wp-content\/uploads\/auditori_girona-345x290.jpg"},"medium_old_300x200":{"width":300,"height":200,"mime-type":"image\/jpeg","url":"https:\/\/temporada-alta.com\/wp-content\/uploads\/auditori_girona-300x200.jpg"},"medium_large":{"width":768,"height":512,"mime-type":"image\/jpeg","url":"https:\/\/temporada-alta.com\/wp-content\/uploads\/auditori_girona-768x512.jpg"},"elementor_custom_1000x150":{"width":1000,"height":150,"mime-type":"image\/jpeg","url":"https:\/\/temporada-alta.com\/wp-content\/uploads\/elementor\/thumbs\/auditori_girona-qtklgf9gf993ayuvdrdr2qbg943d3ao6sfakf9uk0s.jpg"}}},"json_ld":{"@type":"Place","name":"Auditori de Girona","description":"&lt;p&gt;http:\/\/www.auditorigirona.org\/cat\/index.php&lt;\/p&gt;\\n","image":"https:\/\/temporada-alta.com\/wp-content\/uploads\/auditori_girona.jpg","url":"","address":{"@type":"PostalAddress"},"telephone":"","sameAs":""},"show_map":true,"show_map_link":true,"global_id":"temporada-alta.com\/es\/?id=3814","global_id_lineage":["temporada-alta.com\/es\/?id=3814"]},"organizer":[],"custom_fields":[],"json_ld":{"@context":"http:\/\/schema.org","@type":"Event","name":"Marlango","description":"&lt;p&gt;Leonor Watling, Alejandro Pelayo y \u00d3scar Ybarra presentan Un d\u00eda extraordinario En su quinto disco, Un d\u00eda extraordinario,...&lt;\/p&gt;\\n","image":"https:\/\/temporada-alta.com\/wp-content\/uploads\/marlango.jpg","url":"https:\/\/temporada-alta.com\/es\/espectaculo\/marlango\/","eventAttendanceMode":"https:\/\/schema.org\/OfflineEventAttendanceMode","eventStatus":"https:\/\/schema.org\/EventScheduled","startDate":"2012-10-20T00:00:00+02:00","endDate":"2012-10-20T23:59:00+02:00","location":{"@type":"Place","name":"Auditori de Girona","description":"&lt;p&gt;http:\/\/www.auditorigirona.org\/cat\/index.php&lt;\/p&gt;\\n","image":"https:\/\/temporada-alta.com\/wp-content\/uploads\/auditori_girona.jpg","url":"","address":{"@type":"PostalAddress"},"telephone":"","sameAs":""},"performer":"Organization"}}