{"id":95782,"date":"2024-08-29T11:27:40","date_gmt":"2024-08-29T09:27:40","guid":{"rendered":"https:\/\/temporada-alta.com\/noticia\/temporada-alta-2024-find-out-the-keys-of-the-33rd-edition\/"},"modified":"2024-08-29T14:00:04","modified_gmt":"2024-08-29T12:00:04","slug":"temporada-alta-2024-find-out-the-keys-of-the-33rd-edition","status":"publish","type":"noticia","link":"https:\/\/temporada-alta.com\/en\/noticia\/temporada-alta-2024-find-out-the-keys-of-the-33rd-edition\/","title":{"rendered":"Temporada Alta 2024: find out the keys of the 33rd edition"},"content":{"rendered":"<div id=\"modal-ready\">\n<p>The 33rd edition of the Season High Festival is coming, which will take place from September 12 to December 8, and we want to explain to you what this year&#8217;s festival will essentially consist of through its key points. It will have a total of 110 shows, 21 world premieres, 23 international shows from 17 countries, with around 185 initial performances and 58,647 tickets on sale.<\/p>\n\n<p>Here we explain the key points of this year&#8217;s festival:<\/p>\n\n<ul class=\"wp-block-list\">\n<li>We look towards Europe by co-producing works such as B\u00e9renice, by Romeo Castellucci with Isabelle Huppert, Paisatges compartits, led by Caroline Barneaud and Stefan Kaegi, Un sublime error by the Belgian company Needcompany or Totentanz. Morgen ist die frage, the new project by La Veronal.<\/li>\n<\/ul>\n\n<ul class=\"wp-block-list\">\n<li>Tre modi por non morire directed and performed by Toni Servillo, Dans la mesure de l\u2019impossible by Tiago Rodrigues, or Age of content by the company (La)Horde, led by the Ballet National de Marseille, are some of the international shows that, together with the co-productions and proposals from Conexi\u00f3n Iberoam\u00e9rica, make up this year&#8217;s line-up.<\/li>\n<\/ul>\n\n<ul class=\"wp-block-list\">\n<li>As a prelude to the 2024 edition, before the official opening, five performances of Carmina Burana will be shown, the Fura dels Baus show that is coming to the festival after captivating more than 400,000 spectators in Europe, Asia and America.<\/li>\n<\/ul>\n\n<ul class=\"wp-block-list\">\n<li>Next, we will have an opening weekend filled with premieres: the bet of the director and playwright Jordi Casanovas (All\u00e0 lluny hi ha una caseta), the free version of Gaviota by the Argentine director Guillermo Cacace, the absolute premiere of David Mamet with Emma Vilarasau, Marta Marco i Emma Arquillu\u00e9 on stage (Un matrimoni en Boston) and the European project Paisatges compartits, among other proposals.<\/li>\n<\/ul>\n\n<ul class=\"wp-block-list\">\n<li>We remain faithful to the drive of Catalan stage creation and this year we co-produced 11 Catalan shows by artists such as Oriol Pla (Gola), Lucia del Greco (Pura passi\u00f3), Jordi Casanovas (All\u00e0 lluny hi ha una caseta), cabosanroque (El castor que plorava), Aina Tur (Sis hect\u00e0rees d\u2019oliveres), Ll\u00e0tzer Garcia (Bartleby), Les impuxibles (Caramel) and Jos\u00e9 y sus hermana (Morir lo hace todo el mundo).<\/li>\n<\/ul>\n\n<ul class=\"wp-block-list\">\n<li>The Conexi\u00f3n Iberoam\u00e9rica cycle is back with a vengeance, presenting 8 shows and several premieres in Catalonia: Centroam\u00e9rica by Lagartijas tiradas al sol, Kill me by Marina Otero, Tierra by Sergio Blanco and Temis by Compa\u00f1\u00eda Bonobo are some of the most outstanding works.<\/li>\n<\/ul>\n\n<ul class=\"wp-block-list\">\n<li>The Programmers Week receives a new boost and is now called Big bang to show an explosion of talent taking advantage of the presence of international programmers. On those days you will be able to see artists such as Romeo Castellucci with Isabelle Huppert, La Veronal, cabosanroque, Azkona-Toloza, El Conde de Torrefiel, Atresbandes or Marina Otero.<\/li>\n<\/ul>\n\n<ul class=\"wp-block-list\">\n<li>In this 33rd edition, the dramatised readings with big names of the Catalan scene such as Jordi Boixaderas (Rousseau), Pere Arquillu\u00e9 and Josep Maria Fonalleras (Fe, fidelitat i saviesa), Carme Elias and Ramon Madaula (Cartes d\u2019amor) and Carlos Cuevas (Thoreau \u2013 Walden) stand out.<\/li>\n<\/ul>\n\n<ul class=\"wp-block-list\">\n<li>The Fundaci\u00f3 La Ciutat Invisible, with the A Tempo project, returns to the classrooms with 11 proposals aimed at infant, primary, secondary and special education and once again organises the Dramaturgy Tournament in High Schools.<\/li>\n<\/ul>\n<\/div>","protected":false},"excerpt":{"rendered":"<p>The 33rd edition of the Season High Festival is coming, which will take place from September 12 to&#8230;<\/p>\n","protected":false},"featured_media":92982,"template":"","class_list":["post-95782","noticia","type-noticia","status-publish","has-post-thumbnail","hentry"],"acf":[],"yoast_head":"<!-- This site is optimized with the Yoast SEO plugin v27.0 - https:\/\/yoast.com\/product\/yoast-seo-wordpress\/ -->\n<title>Temporada Alta 2024: find out the keys of the 33rd edition - Temporada Alta<\/title>\n<meta name=\"robots\" content=\"index, follow, max-snippet:-1, max-image-preview:large, max-video-preview:-1\" \/>\n<link rel=\"canonical\" href=\"https:\/\/temporada-alta.com\/en\/noticia\/temporada-alta-2024-find-out-the-keys-of-the-33rd-edition\/\" \/>\n<meta property=\"og:locale\" content=\"en_US\" \/>\n<meta property=\"og:type\" content=\"article\" \/>\n<meta property=\"og:title\" content=\"Temporada Alta 2024: find out the keys of the 33rd edition - Temporada Alta\" \/>\n<meta property=\"og:description\" content=\"The 33rd edition of the Season High Festival is coming, which will take place from September 12 to...\" \/>\n<meta property=\"og:url\" content=\"https:\/\/temporada-alta.com\/en\/noticia\/temporada-alta-2024-find-out-the-keys-of-the-33rd-edition\/\" \/>\n<meta property=\"og:site_name\" content=\"Temporada Alta\" \/>\n<meta property=\"article:modified_time\" content=\"2024-08-29T12:00:04+00:00\" \/>\n<meta property=\"og:image\" content=\"https:\/\/temporada-alta.com\/wp-content\/uploads\/lahorde_alt.jpg\" \/>\n\t<meta property=\"og:image:width\" content=\"1920\" \/>\n\t<meta property=\"og:image:height\" content=\"1080\" \/>\n\t<meta property=\"og:image:type\" content=\"image\/jpeg\" \/>\n<meta name=\"twitter:card\" content=\"summary_large_image\" \/>\n<script type=\"application\/ld+json\" class=\"yoast-schema-graph\">{\"@context\":\"https:\/\/schema.org\",\"@graph\":[{\"@type\":\"WebPage\",\"@id\":\"https:\/\/temporada-alta.com\/en\/noticia\/temporada-alta-2024-find-out-the-keys-of-the-33rd-edition\/\",\"url\":\"https:\/\/temporada-alta.com\/en\/noticia\/temporada-alta-2024-find-out-the-keys-of-the-33rd-edition\/\",\"name\":\"Temporada Alta 2024: find out the keys of the 33rd edition - Temporada Alta\",\"isPartOf\":{\"@id\":\"https:\/\/temporada-alta.com\/en\/#website\"},\"primaryImageOfPage\":{\"@id\":\"https:\/\/temporada-alta.com\/en\/noticia\/temporada-alta-2024-find-out-the-keys-of-the-33rd-edition\/#primaryimage\"},\"image\":{\"@id\":\"https:\/\/temporada-alta.com\/en\/noticia\/temporada-alta-2024-find-out-the-keys-of-the-33rd-edition\/#primaryimage\"},\"thumbnailUrl\":\"https:\/\/temporada-alta.com\/wp-content\/uploads\/lahorde_alt.jpg\",\"datePublished\":\"2024-08-29T09:27:40+00:00\",\"dateModified\":\"2024-08-29T12:00:04+00:00\",\"breadcrumb\":{\"@id\":\"https:\/\/temporada-alta.com\/en\/noticia\/temporada-alta-2024-find-out-the-keys-of-the-33rd-edition\/#breadcrumb\"},\"inLanguage\":\"en-US\",\"potentialAction\":[{\"@type\":\"ReadAction\",\"target\":[\"https:\/\/temporada-alta.com\/en\/noticia\/temporada-alta-2024-find-out-the-keys-of-the-33rd-edition\/\"]}]},{\"@type\":\"ImageObject\",\"inLanguage\":\"en-US\",\"@id\":\"https:\/\/temporada-alta.com\/en\/noticia\/temporada-alta-2024-find-out-the-keys-of-the-33rd-edition\/#primaryimage\",\"url\":\"https:\/\/temporada-alta.com\/wp-content\/uploads\/lahorde_alt.jpg\",\"contentUrl\":\"https:\/\/temporada-alta.com\/wp-content\/uploads\/lahorde_alt.jpg\",\"width\":1920,\"height\":1080,\"caption\":\"Age of Content \u00a9 Blandine Soulage\"},{\"@type\":\"BreadcrumbList\",\"@id\":\"https:\/\/temporada-alta.com\/en\/noticia\/temporada-alta-2024-find-out-the-keys-of-the-33rd-edition\/#breadcrumb\",\"itemListElement\":[{\"@type\":\"ListItem\",\"position\":1,\"name\":\"Inici\",\"item\":\"https:\/\/temporada-alta.com\/en\/\"},{\"@type\":\"ListItem\",\"position\":2,\"name\":\"Temporada Alta 2024: find out the keys of the 33rd edition\"}]},{\"@type\":\"WebSite\",\"@id\":\"https:\/\/temporada-alta.com\/en\/#website\",\"url\":\"https:\/\/temporada-alta.com\/en\/\",\"name\":\"Temporada Alta\",\"description\":\"Festival d&#039;Arts Esc\u00e8niques\",\"publisher\":{\"@id\":\"https:\/\/temporada-alta.com\/en\/#organization\"},\"potentialAction\":[{\"@type\":\"SearchAction\",\"target\":{\"@type\":\"EntryPoint\",\"urlTemplate\":\"https:\/\/temporada-alta.com\/en\/?s={search_term_string}\"},\"query-input\":{\"@type\":\"PropertyValueSpecification\",\"valueRequired\":true,\"valueName\":\"search_term_string\"}}],\"inLanguage\":\"en-US\"},{\"@type\":\"Organization\",\"@id\":\"https:\/\/temporada-alta.com\/en\/#organization\",\"name\":\"Temporada Alta\",\"url\":\"https:\/\/temporada-alta.com\/en\/\",\"logo\":{\"@type\":\"ImageObject\",\"inLanguage\":\"en-US\",\"@id\":\"https:\/\/temporada-alta.com\/en\/#\/schema\/logo\/image\/\",\"url\":\"https:\/\/temporada-alta.com\/wp-content\/uploads\/TA21-Logotip-pos.png\",\"contentUrl\":\"https:\/\/temporada-alta.com\/wp-content\/uploads\/TA21-Logotip-pos.png\",\"width\":800,\"height\":267,\"caption\":\"Temporada Alta\"},\"image\":{\"@id\":\"https:\/\/temporada-alta.com\/en\/#\/schema\/logo\/image\/\"}}]}<\/script>\n<!-- \/ Yoast SEO plugin. -->","yoast_head_json":{"title":"Temporada Alta 2024: find out the keys of the 33rd edition - Temporada Alta","robots":{"index":"index","follow":"follow","max-snippet":"max-snippet:-1","max-image-preview":"max-image-preview:large","max-video-preview":"max-video-preview:-1"},"canonical":"https:\/\/temporada-alta.com\/en\/noticia\/temporada-alta-2024-find-out-the-keys-of-the-33rd-edition\/","og_locale":"en_US","og_type":"article","og_title":"Temporada Alta 2024: find out the keys of the 33rd edition - Temporada Alta","og_description":"The 33rd edition of the Season High Festival is coming, which will take place from September 12 to...","og_url":"https:\/\/temporada-alta.com\/en\/noticia\/temporada-alta-2024-find-out-the-keys-of-the-33rd-edition\/","og_site_name":"Temporada Alta","article_modified_time":"2024-08-29T12:00:04+00:00","og_image":[{"width":1920,"height":1080,"url":"https:\/\/temporada-alta.com\/wp-content\/uploads\/lahorde_alt.jpg","type":"image\/jpeg"}],"twitter_card":"summary_large_image","schema":{"@context":"https:\/\/schema.org","@graph":[{"@type":"WebPage","@id":"https:\/\/temporada-alta.com\/en\/noticia\/temporada-alta-2024-find-out-the-keys-of-the-33rd-edition\/","url":"https:\/\/temporada-alta.com\/en\/noticia\/temporada-alta-2024-find-out-the-keys-of-the-33rd-edition\/","name":"Temporada Alta 2024: find out the keys of the 33rd edition - Temporada Alta","isPartOf":{"@id":"https:\/\/temporada-alta.com\/en\/#website"},"primaryImageOfPage":{"@id":"https:\/\/temporada-alta.com\/en\/noticia\/temporada-alta-2024-find-out-the-keys-of-the-33rd-edition\/#primaryimage"},"image":{"@id":"https:\/\/temporada-alta.com\/en\/noticia\/temporada-alta-2024-find-out-the-keys-of-the-33rd-edition\/#primaryimage"},"thumbnailUrl":"https:\/\/temporada-alta.com\/wp-content\/uploads\/lahorde_alt.jpg","datePublished":"2024-08-29T09:27:40+00:00","dateModified":"2024-08-29T12:00:04+00:00","breadcrumb":{"@id":"https:\/\/temporada-alta.com\/en\/noticia\/temporada-alta-2024-find-out-the-keys-of-the-33rd-edition\/#breadcrumb"},"inLanguage":"en-US","potentialAction":[{"@type":"ReadAction","target":["https:\/\/temporada-alta.com\/en\/noticia\/temporada-alta-2024-find-out-the-keys-of-the-33rd-edition\/"]}]},{"@type":"ImageObject","inLanguage":"en-US","@id":"https:\/\/temporada-alta.com\/en\/noticia\/temporada-alta-2024-find-out-the-keys-of-the-33rd-edition\/#primaryimage","url":"https:\/\/temporada-alta.com\/wp-content\/uploads\/lahorde_alt.jpg","contentUrl":"https:\/\/temporada-alta.com\/wp-content\/uploads\/lahorde_alt.jpg","width":1920,"height":1080,"caption":"Age of Content \u00a9 Blandine Soulage"},{"@type":"BreadcrumbList","@id":"https:\/\/temporada-alta.com\/en\/noticia\/temporada-alta-2024-find-out-the-keys-of-the-33rd-edition\/#breadcrumb","itemListElement":[{"@type":"ListItem","position":1,"name":"Inici","item":"https:\/\/temporada-alta.com\/en\/"},{"@type":"ListItem","position":2,"name":"Temporada Alta 2024: find out the keys of the 33rd edition"}]},{"@type":"WebSite","@id":"https:\/\/temporada-alta.com\/en\/#website","url":"https:\/\/temporada-alta.com\/en\/","name":"Temporada Alta","description":"Festival d&#039;Arts Esc\u00e8niques","publisher":{"@id":"https:\/\/temporada-alta.com\/en\/#organization"},"potentialAction":[{"@type":"SearchAction","target":{"@type":"EntryPoint","urlTemplate":"https:\/\/temporada-alta.com\/en\/?s={search_term_string}"},"query-input":{"@type":"PropertyValueSpecification","valueRequired":true,"valueName":"search_term_string"}}],"inLanguage":"en-US"},{"@type":"Organization","@id":"https:\/\/temporada-alta.com\/en\/#organization","name":"Temporada Alta","url":"https:\/\/temporada-alta.com\/en\/","logo":{"@type":"ImageObject","inLanguage":"en-US","@id":"https:\/\/temporada-alta.com\/en\/#\/schema\/logo\/image\/","url":"https:\/\/temporada-alta.com\/wp-content\/uploads\/TA21-Logotip-pos.png","contentUrl":"https:\/\/temporada-alta.com\/wp-content\/uploads\/TA21-Logotip-pos.png","width":800,"height":267,"caption":"Temporada Alta"},"image":{"@id":"https:\/\/temporada-alta.com\/en\/#\/schema\/logo\/image\/"}}]}},"_links":{"self":[{"href":"https:\/\/temporada-alta.com\/en\/wp-json\/wp\/v2\/noticia\/95782","targetHints":{"allow":["GET"]}}],"collection":[{"href":"https:\/\/temporada-alta.com\/en\/wp-json\/wp\/v2\/noticia"}],"about":[{"href":"https:\/\/temporada-alta.com\/en\/wp-json\/wp\/v2\/types\/noticia"}],"wp:featuredmedia":[{"embeddable":true,"href":"https:\/\/temporada-alta.com\/en\/wp-json\/wp\/v2\/media\/92982"}],"wp:attachment":[{"href":"https:\/\/temporada-alta.com\/en\/wp-json\/wp\/v2\/media?parent=95782"}],"curies":[{"name":"wp","href":"https:\/\/api.w.org\/{rel}","templated":true}]}}