{"id":80481,"date":"2022-09-01T11:48:16","date_gmt":"2022-09-01T09:48:16","guid":{"rendered":"https:\/\/temporada-alta.com\/?post_type=noticia&#038;p=80481"},"modified":"2022-09-01T11:53:13","modified_gmt":"2022-09-01T09:53:13","slug":"temporada-alta-2022-find-out-the-keys-of-our-31st-edition","status":"publish","type":"noticia","link":"https:\/\/temporada-alta.com\/en\/noticia\/temporada-alta-2022-find-out-the-keys-of-our-31st-edition\/","title":{"rendered":"Temporada Alta 2022: find out the keys of our 31st edition"},"content":{"rendered":"<div id=\"modal-ready\">\n<p>The <strong>31st edition of Temporada Alta<\/strong> is coming, which will be held from October 7 to December 12, and we want to explain to you what this year&#8217;s festival will essentially consist of through its keys. There will be a total of 107 shows and 193 functions (not counting the A Tempo functions), which include 17 international proposals, 21 festival productions and co-productions and 70 Catalan creations with a total of 22 absolute premieres.<\/p>\n\n\n\n<p>Here we explain the keys to this year&#8217;s festival:<\/p>\n\n\n\n<ul class=\"wp-block-list\"><li>We open on October 7 with <em>L\u2019adversari<\/em>, directed by Julio Manrique, with Pere Arquillu\u00e9 and Carles Mart\u00ednez, an adaptation of Emmanuel Carr\u00e8re\u2019s novel. In this way, we continue to support Catalan drama and creation, providing resources to artists to take their projects forward. To give some examples, this year we can find works by Marta Barcel\u00f3, B\u00e0rbara Mestanza, Juana Dolores and Josep Julien, as well as artists such as Jordi Casanovas, Xavi Bob\u00e9s, Jordi Prat i Coll, Cl\u00e0udia Ced\u00f2 and Mithist\u00f2rima.<\/li><li>We also have international names on our stages such as Krystian Lupa, Cristiana Morganti, Oskaras Korsunovas, Christiane Jatahy, Pippo Delbono, Romeo Castellucci, Mariano Pensotti or Declan Donellan who will mix with new artists and companies participating for the first time in Temporada Alta such as Piel de Lava , Marina Otero, Cirque Ici or Cirque Rasposo.<\/li><li>For several years now, Temporada Alta has collaborated in the production of a significant part of the works that premiere in the country. This year, specifically, we are participating in the production or co-production of 21 shows. Among them, we highlight <em>Caridad<\/em> by Ang\u00e9lica Liddell, <em>Despois do sil\u00eancio<\/em>&nbsp;by Christiane Jatahy, the concert by Ute Lemper and the Gio Symphonia, <em>Confessions de Sant Agust\u00ed<\/em> by Joan Carreras at the Cathedral of Girona, <em>Sondheim x Sondheim<\/em> by Mario Gas or<em> Flors i viatges<\/em> from cabosanroque<\/li><li>Programmers&#8217; Week is back and will be held from November 17 to 20. Thus, we are betting again on contemporary creation, which will be distributed throughout the festival, with artists such as Marcos Morau, Xavier Bob\u00e9s or Romeo Castellucci, and companies such as cabosanroque, Las Huecas Collective or Conde de Torrefiel.<\/li><li>In addition, A Tempo, the educational project of the festival and the Invisible City Foundation, will bring 11 stage proposals to 3,000 students from Girona and Salt. And, for the first time, the Temporada Alta audience will be able to contribute to the financing of the activities, which are free for schools.<\/li><\/ul>\n<\/div>","protected":false},"excerpt":{"rendered":"<p>The 31st edition of Temporada Alta is coming, which will be held from October 7 to December 12,&#8230;<\/p>\n","protected":false},"featured_media":79690,"template":"","class_list":["post-80481","noticia","type-noticia","status-publish","has-post-thumbnail","hentry"],"acf":[],"yoast_head":"<!-- This site is optimized with the Yoast SEO plugin v27.0 - https:\/\/yoast.com\/product\/yoast-seo-wordpress\/ -->\n<title>Temporada Alta 2022: find out the keys of our 31st edition - Temporada Alta<\/title>\n<meta name=\"robots\" content=\"index, follow, max-snippet:-1, max-image-preview:large, max-video-preview:-1\" \/>\n<link rel=\"canonical\" href=\"https:\/\/temporada-alta.com\/en\/noticia\/temporada-alta-2022-find-out-the-keys-of-our-31st-edition\/\" \/>\n<meta property=\"og:locale\" content=\"en_US\" \/>\n<meta property=\"og:type\" content=\"article\" \/>\n<meta property=\"og:title\" content=\"Temporada Alta 2022: find out the keys of our 31st edition - Temporada Alta\" \/>\n<meta property=\"og:description\" content=\"The 31st edition of Temporada Alta is coming, which will be held from October 7 to December 12,...\" \/>\n<meta property=\"og:url\" content=\"https:\/\/temporada-alta.com\/en\/noticia\/temporada-alta-2022-find-out-the-keys-of-our-31st-edition\/\" \/>\n<meta property=\"og:site_name\" content=\"Temporada Alta\" \/>\n<meta property=\"article:modified_time\" content=\"2022-09-01T09:53:13+00:00\" \/>\n<meta property=\"og:image\" content=\"https:\/\/temporada-alta.com\/wp-content\/uploads\/\u24b8-D_Matvejev-Otelas-4.jpg\" \/>\n\t<meta property=\"og:image:width\" content=\"1920\" \/>\n\t<meta property=\"og:image:height\" content=\"1080\" \/>\n\t<meta property=\"og:image:type\" content=\"image\/jpeg\" \/>\n<meta name=\"twitter:card\" content=\"summary_large_image\" \/>\n<script type=\"application\/ld+json\" class=\"yoast-schema-graph\">{\"@context\":\"https:\/\/schema.org\",\"@graph\":[{\"@type\":\"WebPage\",\"@id\":\"https:\/\/temporada-alta.com\/en\/noticia\/temporada-alta-2022-find-out-the-keys-of-our-31st-edition\/\",\"url\":\"https:\/\/temporada-alta.com\/en\/noticia\/temporada-alta-2022-find-out-the-keys-of-our-31st-edition\/\",\"name\":\"Temporada Alta 2022: find out the keys of our 31st edition - Temporada Alta\",\"isPartOf\":{\"@id\":\"https:\/\/temporada-alta.com\/en\/#website\"},\"primaryImageOfPage\":{\"@id\":\"https:\/\/temporada-alta.com\/en\/noticia\/temporada-alta-2022-find-out-the-keys-of-our-31st-edition\/#primaryimage\"},\"image\":{\"@id\":\"https:\/\/temporada-alta.com\/en\/noticia\/temporada-alta-2022-find-out-the-keys-of-our-31st-edition\/#primaryimage\"},\"thumbnailUrl\":\"https:\/\/temporada-alta.com\/wp-content\/uploads\/\u24b8-D_Matvejev-Otelas-4.jpg\",\"datePublished\":\"2022-09-01T09:48:16+00:00\",\"dateModified\":\"2022-09-01T09:53:13+00:00\",\"breadcrumb\":{\"@id\":\"https:\/\/temporada-alta.com\/en\/noticia\/temporada-alta-2022-find-out-the-keys-of-our-31st-edition\/#breadcrumb\"},\"inLanguage\":\"en-US\",\"potentialAction\":[{\"@type\":\"ReadAction\",\"target\":[\"https:\/\/temporada-alta.com\/en\/noticia\/temporada-alta-2022-find-out-the-keys-of-our-31st-edition\/\"]}]},{\"@type\":\"ImageObject\",\"inLanguage\":\"en-US\",\"@id\":\"https:\/\/temporada-alta.com\/en\/noticia\/temporada-alta-2022-find-out-the-keys-of-our-31st-edition\/#primaryimage\",\"url\":\"https:\/\/temporada-alta.com\/wp-content\/uploads\/\u24b8-D_Matvejev-Otelas-4.jpg\",\"contentUrl\":\"https:\/\/temporada-alta.com\/wp-content\/uploads\/\u24b8-D_Matvejev-Otelas-4.jpg\",\"width\":1920,\"height\":1080},{\"@type\":\"BreadcrumbList\",\"@id\":\"https:\/\/temporada-alta.com\/en\/noticia\/temporada-alta-2022-find-out-the-keys-of-our-31st-edition\/#breadcrumb\",\"itemListElement\":[{\"@type\":\"ListItem\",\"position\":1,\"name\":\"Inici\",\"item\":\"https:\/\/temporada-alta.com\/en\/\"},{\"@type\":\"ListItem\",\"position\":2,\"name\":\"Temporada Alta 2022: find out the keys of our 31st edition\"}]},{\"@type\":\"WebSite\",\"@id\":\"https:\/\/temporada-alta.com\/en\/#website\",\"url\":\"https:\/\/temporada-alta.com\/en\/\",\"name\":\"Temporada Alta\",\"description\":\"Festival d&#039;Arts Esc\u00e8niques\",\"publisher\":{\"@id\":\"https:\/\/temporada-alta.com\/en\/#organization\"},\"potentialAction\":[{\"@type\":\"SearchAction\",\"target\":{\"@type\":\"EntryPoint\",\"urlTemplate\":\"https:\/\/temporada-alta.com\/en\/?s={search_term_string}\"},\"query-input\":{\"@type\":\"PropertyValueSpecification\",\"valueRequired\":true,\"valueName\":\"search_term_string\"}}],\"inLanguage\":\"en-US\"},{\"@type\":\"Organization\",\"@id\":\"https:\/\/temporada-alta.com\/en\/#organization\",\"name\":\"Temporada Alta\",\"url\":\"https:\/\/temporada-alta.com\/en\/\",\"logo\":{\"@type\":\"ImageObject\",\"inLanguage\":\"en-US\",\"@id\":\"https:\/\/temporada-alta.com\/en\/#\/schema\/logo\/image\/\",\"url\":\"https:\/\/temporada-alta.com\/wp-content\/uploads\/TA21-Logotip-pos.png\",\"contentUrl\":\"https:\/\/temporada-alta.com\/wp-content\/uploads\/TA21-Logotip-pos.png\",\"width\":800,\"height\":267,\"caption\":\"Temporada Alta\"},\"image\":{\"@id\":\"https:\/\/temporada-alta.com\/en\/#\/schema\/logo\/image\/\"}}]}<\/script>\n<!-- \/ Yoast SEO plugin. -->","yoast_head_json":{"title":"Temporada Alta 2022: find out the keys of our 31st edition - Temporada Alta","robots":{"index":"index","follow":"follow","max-snippet":"max-snippet:-1","max-image-preview":"max-image-preview:large","max-video-preview":"max-video-preview:-1"},"canonical":"https:\/\/temporada-alta.com\/en\/noticia\/temporada-alta-2022-find-out-the-keys-of-our-31st-edition\/","og_locale":"en_US","og_type":"article","og_title":"Temporada Alta 2022: find out the keys of our 31st edition - Temporada Alta","og_description":"The 31st edition of Temporada Alta is coming, which will be held from October 7 to December 12,...","og_url":"https:\/\/temporada-alta.com\/en\/noticia\/temporada-alta-2022-find-out-the-keys-of-our-31st-edition\/","og_site_name":"Temporada Alta","article_modified_time":"2022-09-01T09:53:13+00:00","og_image":[{"width":1920,"height":1080,"url":"https:\/\/temporada-alta.com\/wp-content\/uploads\/\u24b8-D_Matvejev-Otelas-4.jpg","type":"image\/jpeg"}],"twitter_card":"summary_large_image","schema":{"@context":"https:\/\/schema.org","@graph":[{"@type":"WebPage","@id":"https:\/\/temporada-alta.com\/en\/noticia\/temporada-alta-2022-find-out-the-keys-of-our-31st-edition\/","url":"https:\/\/temporada-alta.com\/en\/noticia\/temporada-alta-2022-find-out-the-keys-of-our-31st-edition\/","name":"Temporada Alta 2022: find out the keys of our 31st edition - Temporada Alta","isPartOf":{"@id":"https:\/\/temporada-alta.com\/en\/#website"},"primaryImageOfPage":{"@id":"https:\/\/temporada-alta.com\/en\/noticia\/temporada-alta-2022-find-out-the-keys-of-our-31st-edition\/#primaryimage"},"image":{"@id":"https:\/\/temporada-alta.com\/en\/noticia\/temporada-alta-2022-find-out-the-keys-of-our-31st-edition\/#primaryimage"},"thumbnailUrl":"https:\/\/temporada-alta.com\/wp-content\/uploads\/\u24b8-D_Matvejev-Otelas-4.jpg","datePublished":"2022-09-01T09:48:16+00:00","dateModified":"2022-09-01T09:53:13+00:00","breadcrumb":{"@id":"https:\/\/temporada-alta.com\/en\/noticia\/temporada-alta-2022-find-out-the-keys-of-our-31st-edition\/#breadcrumb"},"inLanguage":"en-US","potentialAction":[{"@type":"ReadAction","target":["https:\/\/temporada-alta.com\/en\/noticia\/temporada-alta-2022-find-out-the-keys-of-our-31st-edition\/"]}]},{"@type":"ImageObject","inLanguage":"en-US","@id":"https:\/\/temporada-alta.com\/en\/noticia\/temporada-alta-2022-find-out-the-keys-of-our-31st-edition\/#primaryimage","url":"https:\/\/temporada-alta.com\/wp-content\/uploads\/\u24b8-D_Matvejev-Otelas-4.jpg","contentUrl":"https:\/\/temporada-alta.com\/wp-content\/uploads\/\u24b8-D_Matvejev-Otelas-4.jpg","width":1920,"height":1080},{"@type":"BreadcrumbList","@id":"https:\/\/temporada-alta.com\/en\/noticia\/temporada-alta-2022-find-out-the-keys-of-our-31st-edition\/#breadcrumb","itemListElement":[{"@type":"ListItem","position":1,"name":"Inici","item":"https:\/\/temporada-alta.com\/en\/"},{"@type":"ListItem","position":2,"name":"Temporada Alta 2022: find out the keys of our 31st edition"}]},{"@type":"WebSite","@id":"https:\/\/temporada-alta.com\/en\/#website","url":"https:\/\/temporada-alta.com\/en\/","name":"Temporada Alta","description":"Festival d&#039;Arts Esc\u00e8niques","publisher":{"@id":"https:\/\/temporada-alta.com\/en\/#organization"},"potentialAction":[{"@type":"SearchAction","target":{"@type":"EntryPoint","urlTemplate":"https:\/\/temporada-alta.com\/en\/?s={search_term_string}"},"query-input":{"@type":"PropertyValueSpecification","valueRequired":true,"valueName":"search_term_string"}}],"inLanguage":"en-US"},{"@type":"Organization","@id":"https:\/\/temporada-alta.com\/en\/#organization","name":"Temporada Alta","url":"https:\/\/temporada-alta.com\/en\/","logo":{"@type":"ImageObject","inLanguage":"en-US","@id":"https:\/\/temporada-alta.com\/en\/#\/schema\/logo\/image\/","url":"https:\/\/temporada-alta.com\/wp-content\/uploads\/TA21-Logotip-pos.png","contentUrl":"https:\/\/temporada-alta.com\/wp-content\/uploads\/TA21-Logotip-pos.png","width":800,"height":267,"caption":"Temporada Alta"},"image":{"@id":"https:\/\/temporada-alta.com\/en\/#\/schema\/logo\/image\/"}}]}},"_links":{"self":[{"href":"https:\/\/temporada-alta.com\/en\/wp-json\/wp\/v2\/noticia\/80481","targetHints":{"allow":["GET"]}}],"collection":[{"href":"https:\/\/temporada-alta.com\/en\/wp-json\/wp\/v2\/noticia"}],"about":[{"href":"https:\/\/temporada-alta.com\/en\/wp-json\/wp\/v2\/types\/noticia"}],"wp:featuredmedia":[{"embeddable":true,"href":"https:\/\/temporada-alta.com\/en\/wp-json\/wp\/v2\/media\/79690"}],"wp:attachment":[{"href":"https:\/\/temporada-alta.com\/en\/wp-json\/wp\/v2\/media?parent=80481"}],"curies":[{"name":"wp","href":"https:\/\/api.w.org\/{rel}","templated":true}]}}