{"id":26167,"global_id":"temporada-alta.com\/en\/?id=26167","global_id_lineage":["temporada-alta.com\/en\/?id=26167"],"author":"4","status":"publish","date":"2015-05-06 10:42:56","date_utc":"2015-05-06 08:42:56","modified":"2019-03-29 11:15:39","modified_utc":"2019-03-29 10:15:39","url":"https:\/\/temporada-alta.com\/en\/show\/el-petit-prncep-el-musical\/","rest_url":"https:\/\/temporada-alta.com\/en\/wp-json\/tribe\/events\/v1\/events\/26167","title":"El Petit Pr\u00edncep, el musical","description":"<div id=\"modal-ready\"><h2>The musical directed by \u00c0ngel Ll\u00e0cer and Manu Guix which has enthralled both young and old alike<\/h2>\n<p>How do you stage the magic, the childish luminosity and the dreamlike colours of Saint-Exup\u00e9ry\u2019s classic? Eternal boys and masters of the musical genre, <strong>\u00c0ngel Ll\u00e0cer<\/strong> and <strong>Manu Guix<\/strong> bring their talents to bear on <em><strong>El Petit Pr\u00edncep<\/strong><\/em>.<\/p>\n<\/div>","excerpt":"","slug":"el-petit-prncep-el-musical","image":{"url":"https:\/\/temporada-alta.com\/wp-content\/uploads\/petit.jpg","id":26056,"extension":"jpg","width":648,"height":874,"sizes":{"medium":{"width":276,"height":372,"mime-type":"image\/jpeg","url":"https:\/\/temporada-alta.com\/wp-content\/uploads\/petit-276x372.jpg"},"thumbnail":{"width":150,"height":150,"mime-type":"image\/jpeg","url":"https:\/\/temporada-alta.com\/wp-content\/uploads\/petit-150x150.jpg"},"event_list":{"width":640,"height":480,"mime-type":"image\/jpeg","url":"https:\/\/temporada-alta.com\/wp-content\/uploads\/petit-640x480.jpg"},"img_home_slider":{"width":345,"height":290,"mime-type":"image\/jpeg","url":"https:\/\/temporada-alta.com\/wp-content\/uploads\/petit-345x290.jpg"},"medium_old_222x300":{"width":222,"height":300,"mime-type":"image\/jpeg","url":"https:\/\/temporada-alta.com\/wp-content\/uploads\/petit-222x300.jpg"}}},"all_day":false,"start_date":"2016-10-16 00:00:00","start_date_details":{"year":"2016","month":"10","day":"16","hour":"00","minutes":"00","seconds":"00"},"end_date":"2016-10-16 23:59:00","end_date_details":{"year":"2016","month":"10","day":"16","hour":"23","minutes":"59","seconds":"00"},"utc_start_date":"2016-10-15 22:00:00","utc_start_date_details":{"year":"2016","month":"10","day":"15","hour":"22","minutes":"00","seconds":"00"},"utc_end_date":"2016-10-16 21:59:00","utc_end_date_details":{"year":"2016","month":"10","day":"16","hour":"21","minutes":"59","seconds":"00"},"timezone":"Europe\/Madrid","timezone_abbr":"CEST","cost":"","cost_details":{"currency_symbol":"\u20ac","currency_code":"","currency_position":"suffix","values":[]},"website":"","show_map":true,"show_map_link":true,"hide_from_listings":false,"sticky":false,"featured":false,"categories":[{"name":"2015","slug":"2015","term_group":0,"term_taxonomy_id":157,"taxonomy":"tribe_events_cat","description":"","parent":0,"count":102,"filter":"raw","term_order":"0","id":157,"urls":{"self":"https:\/\/temporada-alta.com\/en\/wp-json\/tribe\/events\/v1\/categories\/157","collection":"https:\/\/temporada-alta.com\/en\/wp-json\/tribe\/events\/v1\/categories"}}],"tags":[],"venue":{"id":3833,"author":"4","status":"publish","date":"2018-08-07 10:57:01","date_utc":"2018-08-07 08:57:01","modified":"2018-12-13 16:23:01","modified_utc":"2018-12-13 15:23:01","url":"https:\/\/temporada-alta.com\/en\/venue\/auditori-de-girona\/","venue":"Auditori de Girona","slug":"auditori-de-girona","image":{"url":"https:\/\/temporada-alta.com\/wp-content\/uploads\/auditori_girona.jpg","id":2094,"extension":"jpg","width":768,"height":512,"sizes":{"medium":{"width":558,"height":372,"mime-type":"image\/jpeg","url":"https:\/\/temporada-alta.com\/wp-content\/uploads\/auditori_girona-558x372.jpg"},"thumbnail":{"width":150,"height":150,"mime-type":"image\/jpeg","url":"https:\/\/temporada-alta.com\/wp-content\/uploads\/auditori_girona-150x150.jpg"},"event_list":{"width":640,"height":480,"mime-type":"image\/jpeg","url":"https:\/\/temporada-alta.com\/wp-content\/uploads\/auditori_girona-640x480.jpg"},"img_home_slider":{"width":345,"height":290,"mime-type":"image\/jpeg","url":"https:\/\/temporada-alta.com\/wp-content\/uploads\/auditori_girona-345x290.jpg"},"medium_old_300x200":{"width":300,"height":200,"mime-type":"image\/jpeg","url":"https:\/\/temporada-alta.com\/wp-content\/uploads\/auditori_girona-300x200.jpg"},"medium_large":{"width":768,"height":512,"mime-type":"image\/jpeg","url":"https:\/\/temporada-alta.com\/wp-content\/uploads\/auditori_girona-768x512.jpg"},"elementor_custom_1000x150":{"width":1000,"height":150,"mime-type":"image\/jpeg","url":"https:\/\/temporada-alta.com\/wp-content\/uploads\/elementor\/thumbs\/auditori_girona-qtklgf9gf993ayuvdrdr2qbg943d3ao6sfakf9uk0s.jpg"}}},"json_ld":{"@type":"Place","name":"Auditori de Girona","description":"","image":"https:\/\/temporada-alta.com\/wp-content\/uploads\/auditori_girona.jpg","url":"","address":{"@type":"PostalAddress"},"telephone":"","sameAs":""},"show_map":true,"show_map_link":true,"global_id":"temporada-alta.com\/en\/?id=3833","global_id_lineage":["temporada-alta.com\/en\/?id=3833"]},"organizer":[],"custom_fields":[],"json_ld":{"@context":"http:\/\/schema.org","@type":"Event","name":"El Petit Pr\u00edncep, el musical","description":"&lt;p&gt;The musical directed by \u00c0ngel Ll\u00e0cer and Manu Guix which has enthralled both young and old alike How...&lt;\/p&gt;\\n","image":"https:\/\/temporada-alta.com\/wp-content\/uploads\/petit.jpg","url":"https:\/\/temporada-alta.com\/en\/show\/el-petit-prncep-el-musical\/","eventAttendanceMode":"https:\/\/schema.org\/OfflineEventAttendanceMode","eventStatus":"https:\/\/schema.org\/EventScheduled","startDate":"2016-10-16T00:00:00+02:00","endDate":"2016-10-16T23:59:00+02:00","location":{"@type":"Place","name":"Auditori de Girona","description":"","image":"https:\/\/temporada-alta.com\/wp-content\/uploads\/auditori_girona.jpg","url":"","address":{"@type":"PostalAddress"},"telephone":"","sameAs":""},"performer":"Organization"}}