{"id":24534,"global_id":"temporada-alta.com\/en\/?id=24534","global_id_lineage":["temporada-alta.com\/en\/?id=24534"],"author":"4","status":"publish","date":"2015-09-06 09:00:00","date_utc":"2015-09-06 07:00:00","modified":"2019-03-27 12:04:00","modified_utc":"2019-03-27 11:04:00","url":"https:\/\/temporada-alta.com\/en\/show\/antnia-font\/","rest_url":"https:\/\/temporada-alta.com\/en\/wp-json\/tribe\/events\/v1\/events\/24534","title":"Ant\u00f2nia Font","description":"<div id=\"modal-ready\"><h2>The group from Majorca presents their latest album, Vost\u00e8 \u00c9s Aqu\u00ed<\/h2>\n<p>One of the foremost bands on the Catalan music scene, <strong>Ant\u00f2nia Font <\/strong>debuts a daring new album at Temporada Alta that breaks away from its track record to date, flouting all musical conventions.<\/p>\n<\/div>","excerpt":"","slug":"antnia-font","image":{"url":"https:\/\/temporada-alta.com\/wp-content\/uploads\/antoniafont_.jpg","id":24407,"extension":"jpg","width":2048,"height":1448,"sizes":{"medium":{"width":526,"height":372,"mime-type":"image\/jpeg","url":"https:\/\/temporada-alta.com\/wp-content\/uploads\/antoniafont_-526x372.jpg"},"large":{"width":1200,"height":848,"mime-type":"image\/jpeg","url":"https:\/\/temporada-alta.com\/wp-content\/uploads\/antoniafont_-1200x848.jpg"},"thumbnail":{"width":150,"height":150,"mime-type":"image\/jpeg","url":"https:\/\/temporada-alta.com\/wp-content\/uploads\/antoniafont_-150x150.jpg"},"medium_large":{"width":768,"height":543,"mime-type":"image\/jpeg","url":"https:\/\/temporada-alta.com\/wp-content\/uploads\/antoniafont_-768x543.jpg"},"1536x1536":{"width":1536,"height":1086,"mime-type":"image\/jpeg","url":"https:\/\/temporada-alta.com\/wp-content\/uploads\/antoniafont_-1536x1086.jpg"},"event_list":{"width":640,"height":480,"mime-type":"image\/jpeg","url":"https:\/\/temporada-alta.com\/wp-content\/uploads\/antoniafont_-640x480.jpg"},"img_home_slider":{"width":345,"height":290,"mime-type":"image\/jpeg","url":"https:\/\/temporada-alta.com\/wp-content\/uploads\/antoniafont_-345x290.jpg"},"event_single":{"width":2048,"height":1200,"mime-type":"image\/jpeg","url":"https:\/\/temporada-alta.com\/wp-content\/uploads\/antoniafont_-2048x1200.jpg"},"medium_old_300x212":{"width":300,"height":212,"mime-type":"image\/jpeg","url":"https:\/\/temporada-alta.com\/wp-content\/uploads\/antoniafont_-300x212.jpg"},"large_old_1024x724":{"width":1024,"height":724,"mime-type":"image\/jpeg","url":"https:\/\/temporada-alta.com\/wp-content\/uploads\/antoniafont_-1024x724.jpg"}}},"all_day":false,"start_date":"2012-10-26 00:00:00","start_date_details":{"year":"2012","month":"10","day":"26","hour":"00","minutes":"00","seconds":"00"},"end_date":"2012-10-26 23:59:00","end_date_details":{"year":"2012","month":"10","day":"26","hour":"23","minutes":"59","seconds":"00"},"utc_start_date":"2012-10-25 22:00:00","utc_start_date_details":{"year":"2012","month":"10","day":"25","hour":"22","minutes":"00","seconds":"00"},"utc_end_date":"2012-10-26 21:59:00","utc_end_date_details":{"year":"2012","month":"10","day":"26","hour":"21","minutes":"59","seconds":"00"},"timezone":"Europe\/Madrid","timezone_abbr":"CEST","cost":"","cost_details":{"currency_symbol":"\u20ac","currency_code":"","currency_position":"suffix","values":[]},"website":"","show_map":true,"show_map_link":true,"hide_from_listings":false,"sticky":false,"featured":false,"categories":[{"name":"2012","slug":"2012","term_group":0,"term_taxonomy_id":154,"taxonomy":"tribe_events_cat","description":"","parent":0,"count":72,"filter":"raw","term_order":"0","id":154,"urls":{"self":"https:\/\/temporada-alta.com\/en\/wp-json\/tribe\/events\/v1\/categories\/154","collection":"https:\/\/temporada-alta.com\/en\/wp-json\/tribe\/events\/v1\/categories"}}],"tags":[],"venue":{"id":3833,"author":"4","status":"publish","date":"2018-08-07 10:57:01","date_utc":"2018-08-07 08:57:01","modified":"2018-12-13 16:23:01","modified_utc":"2018-12-13 15:23:01","url":"https:\/\/temporada-alta.com\/en\/venue\/auditori-de-girona\/","venue":"Auditori de Girona","slug":"auditori-de-girona","image":{"url":"https:\/\/temporada-alta.com\/wp-content\/uploads\/auditori_girona.jpg","id":2094,"extension":"jpg","width":768,"height":512,"sizes":{"medium":{"width":558,"height":372,"mime-type":"image\/jpeg","url":"https:\/\/temporada-alta.com\/wp-content\/uploads\/auditori_girona-558x372.jpg"},"thumbnail":{"width":150,"height":150,"mime-type":"image\/jpeg","url":"https:\/\/temporada-alta.com\/wp-content\/uploads\/auditori_girona-150x150.jpg"},"event_list":{"width":640,"height":480,"mime-type":"image\/jpeg","url":"https:\/\/temporada-alta.com\/wp-content\/uploads\/auditori_girona-640x480.jpg"},"img_home_slider":{"width":345,"height":290,"mime-type":"image\/jpeg","url":"https:\/\/temporada-alta.com\/wp-content\/uploads\/auditori_girona-345x290.jpg"},"medium_old_300x200":{"width":300,"height":200,"mime-type":"image\/jpeg","url":"https:\/\/temporada-alta.com\/wp-content\/uploads\/auditori_girona-300x200.jpg"},"medium_large":{"width":768,"height":512,"mime-type":"image\/jpeg","url":"https:\/\/temporada-alta.com\/wp-content\/uploads\/auditori_girona-768x512.jpg"},"elementor_custom_1000x150":{"width":1000,"height":150,"mime-type":"image\/jpeg","url":"https:\/\/temporada-alta.com\/wp-content\/uploads\/elementor\/thumbs\/auditori_girona-qtklgf9gf993ayuvdrdr2qbg943d3ao6sfakf9uk0s.jpg"}}},"json_ld":{"@type":"Place","name":"Auditori de Girona","description":"","image":"https:\/\/temporada-alta.com\/wp-content\/uploads\/auditori_girona.jpg","url":"","address":{"@type":"PostalAddress"},"telephone":"","sameAs":""},"show_map":true,"show_map_link":true,"global_id":"temporada-alta.com\/en\/?id=3833","global_id_lineage":["temporada-alta.com\/en\/?id=3833"]},"organizer":[],"custom_fields":[],"json_ld":{"@context":"http:\/\/schema.org","@type":"Event","name":"Ant\u00f2nia Font","description":"&lt;p&gt;The group from Majorca presents their latest album, Vost\u00e8 \u00c9s Aqu\u00ed One of the foremost bands on the...&lt;\/p&gt;\\n","image":"https:\/\/temporada-alta.com\/wp-content\/uploads\/antoniafont_.jpg","url":"https:\/\/temporada-alta.com\/en\/show\/antnia-font\/","eventAttendanceMode":"https:\/\/schema.org\/OfflineEventAttendanceMode","eventStatus":"https:\/\/schema.org\/EventScheduled","startDate":"2012-10-26T00:00:00+02:00","endDate":"2012-10-26T23:59:00+02:00","location":{"@type":"Place","name":"Auditori de Girona","description":"","image":"https:\/\/temporada-alta.com\/wp-content\/uploads\/auditori_girona.jpg","url":"","address":{"@type":"PostalAddress"},"telephone":"","sameAs":""},"performer":"Organization"}}